{"id":132310,"date":"2020-08-18T13:46:42","date_gmt":"2020-08-18T16:46:42","guid":{"rendered":"https:\/\/espacoecologico.com.br\/arquivo\/?p=132310"},"modified":"2020-08-18T13:46:42","modified_gmt":"2020-08-18T16:46:42","slug":"carro-coberto-por-placas-solares-se-recarrega-enquanto-roda","status":"publish","type":"post","link":"https:\/\/espacoecologico.com.br\/arquivo\/carro-coberto-por-placas-solares-se-recarrega-enquanto-roda\/","title":{"rendered":"Carro coberto por placas solares se recarrega enquanto roda"},"content":{"rendered":"<p><a href=\"https:\/\/espacoecologico.com.br\/arquivo\/wp-content\/uploads\/2020\/08\/carro.jpg\"><img loading=\"lazy\" class=\"alignleft size-medium wp-image-132311\" src=\"https:\/\/espacoecologico.com.br\/arquivo\/wp-content\/uploads\/2020\/08\/carro-300x192.jpg\" alt=\"\" width=\"300\" height=\"192\" srcset=\"https:\/\/espacoecologico.com.br\/arquivo\/wp-content\/uploads\/2020\/08\/carro-300x192.jpg 300w, https:\/\/espacoecologico.com.br\/arquivo\/wp-content\/uploads\/2020\/08\/carro.jpg 415w\" sizes=\"(max-width: 300px) 100vw, 300px\" \/><\/a>Um dos medos de quem comprou ou pensa comprar um carro el\u00e9trico \u00e9 a infraestrutura para abastecimento do ve\u00edculo.<\/p>\n<p>A ideia de colocar pain\u00e9is solares em autom\u00f3veis pode ajudar a garantir a carga, mas este modelo da alem\u00e3 Sono Motors, coberto por um sistema de energia fotovoltaica, promete recarregar o carro durante o tr\u00e2nsito di\u00e1rio.<\/p>\n<figure>\n<div id=\"standard_1\" class=\"st-placement standard_1 inImage\">\n<div class=\"st-adunit st-show st-reset\">\n<div class=\"st-adsby st-reset\"><\/div>\n<\/div>\n<\/div>\n<p><img loading=\"lazy\" class=\"wp-image-82620 lazyloaded\" src=\"https:\/\/cdn-cv.r4you.co\/wp-content\/uploads\/2020\/08\/sono-motors-sion-driving-side-profile-1024x576.jpg\" sizes=\"(max-width: 1024px) 100vw, 1024px\" srcset=\"https:\/\/cdn-cv.r4you.co\/wp-content\/uploads\/2020\/08\/sono-motors-sion-driving-side-profile-1024x576.jpg 1024w, https:\/\/cdn-cv.r4you.co\/wp-content\/uploads\/2020\/08\/sono-motors-sion-driving-side-profile-300x169.jpg 300w, https:\/\/cdn-cv.r4you.co\/wp-content\/uploads\/2020\/08\/sono-motors-sion-driving-side-profile-768x432.jpg 768w, https:\/\/cdn-cv.r4you.co\/wp-content\/uploads\/2020\/08\/sono-motors-sion-driving-side-profile-696x392.jpg 696w, https:\/\/cdn-cv.r4you.co\/wp-content\/uploads\/2020\/08\/sono-motors-sion-driving-side-profile-1068x601.jpg 1068w, https:\/\/cdn-cv.r4you.co\/wp-content\/uploads\/2020\/08\/sono-motors-sion-driving-side-profile-747x420.jpg 747w\" alt=\"\" width=\"640\" height=\"360\" data-id=\"82620\" data-link=\"https:\/\/ciclovivo.com.br\/?attachment_id=82620\" data-srcset=\"https:\/\/cdn-cv.r4you.co\/wp-content\/uploads\/2020\/08\/sono-motors-sion-driving-side-profile-1024x576.jpg 1024w, https:\/\/cdn-cv.r4you.co\/wp-content\/uploads\/2020\/08\/sono-motors-sion-driving-side-profile-300x169.jpg 300w, https:\/\/cdn-cv.r4you.co\/wp-content\/uploads\/2020\/08\/sono-motors-sion-driving-side-profile-768x432.jpg 768w, https:\/\/cdn-cv.r4you.co\/wp-content\/uploads\/2020\/08\/sono-motors-sion-driving-side-profile-696x392.jpg 696w, https:\/\/cdn-cv.r4you.co\/wp-content\/uploads\/2020\/08\/sono-motors-sion-driving-side-profile-1068x601.jpg 1068w, https:\/\/cdn-cv.r4you.co\/wp-content\/uploads\/2020\/08\/sono-motors-sion-driving-side-profile-747x420.jpg 747w\" data-src=\"https:\/\/cdn-cv.r4you.co\/wp-content\/uploads\/2020\/08\/sono-motors-sion-driving-side-profile-1024x576.jpg\" \/><figcaption><em>Foto: Sono Motors<\/em><\/figcaption><\/figure>\n<figure>\n<div id=\"aggressive_1\" class=\"st-placement aggressive_1 inImage\">\n<div class=\"st-adunit st-show st-reset\">\n<div class=\"st-container st-reset\">\n<div class=\"st-adunit-ad st-reset\">\n<div class=\"st-reset\">\n<div class=\"important-styled st-canvas-container open Leaderboard display-standard f1q5ut5n\">\n<div class=\"important-styled st-canvas-el fa5yfwn\">\n<div class=\"important-styled st-canvas-container undefined f1q5ut5n\">\n<div class=\"important-styled st-canvas-el f106aep8\">\n<div class=\"important-styled st-canvas-container undefined f1q5ut5n\">\n<div class=\"important-styled st-canvas-el f1medhyc\">\n<div class=\"important-styled display-render x-to-close f18j36wu\"><\/div>\n<\/div>\n<\/div>\n<\/div>\n<\/div>\n<\/div>\n<\/div>\n<\/div>\n<\/div>\n<\/div>\n<\/div>\n<\/div>\n<p><img loading=\"lazy\" class=\"wp-image-82621 lazyloaded\" src=\"https:\/\/cdn-cv.r4you.co\/wp-content\/uploads\/2020\/08\/sono-motors-sion-front-view-camping-1024x683.jpg\" sizes=\"(max-width: 1024px) 100vw, 1024px\" srcset=\"https:\/\/cdn-cv.r4you.co\/wp-content\/uploads\/2020\/08\/sono-motors-sion-front-view-camping-1024x683.jpg 1024w, https:\/\/cdn-cv.r4you.co\/wp-content\/uploads\/2020\/08\/sono-motors-sion-front-view-camping-300x200.jpg 300w, https:\/\/cdn-cv.r4you.co\/wp-content\/uploads\/2020\/08\/sono-motors-sion-front-view-camping-768x512.jpg 768w, https:\/\/cdn-cv.r4you.co\/wp-content\/uploads\/2020\/08\/sono-motors-sion-front-view-camping-696x464.jpg 696w, https:\/\/cdn-cv.r4you.co\/wp-content\/uploads\/2020\/08\/sono-motors-sion-front-view-camping-1068x712.jpg 1068w, https:\/\/cdn-cv.r4you.co\/wp-content\/uploads\/2020\/08\/sono-motors-sion-front-view-camping-630x420.jpg 630w\" alt=\"\" width=\"639\" height=\"426\" data-id=\"82621\" data-link=\"https:\/\/ciclovivo.com.br\/?attachment_id=82621\" data-srcset=\"https:\/\/cdn-cv.r4you.co\/wp-content\/uploads\/2020\/08\/sono-motors-sion-front-view-camping-1024x683.jpg 1024w, https:\/\/cdn-cv.r4you.co\/wp-content\/uploads\/2020\/08\/sono-motors-sion-front-view-camping-300x200.jpg 300w, https:\/\/cdn-cv.r4you.co\/wp-content\/uploads\/2020\/08\/sono-motors-sion-front-view-camping-768x512.jpg 768w, https:\/\/cdn-cv.r4you.co\/wp-content\/uploads\/2020\/08\/sono-motors-sion-front-view-camping-696x464.jpg 696w, https:\/\/cdn-cv.r4you.co\/wp-content\/uploads\/2020\/08\/sono-motors-sion-front-view-camping-1068x712.jpg 1068w, https:\/\/cdn-cv.r4you.co\/wp-content\/uploads\/2020\/08\/sono-motors-sion-front-view-camping-630x420.jpg 630w\" data-src=\"https:\/\/cdn-cv.r4you.co\/wp-content\/uploads\/2020\/08\/sono-motors-sion-front-view-camping-1024x683.jpg\" \/><figcaption><em>Foto: Sono Motors<\/em><\/figcaption><\/figure>\n<p>Batizado de Sion, este pode ser o \u201cprimeiro carro produzido em grande escala com integra\u00e7\u00e3o a um sistema de energia solar acess\u00edvel ao mercado\u201d, com o custo estimado de \u20ac 25,5 mil \u2013 algo em torno de R$ 167 mil.<\/p>\n<ul class=\"wp-block-gallery columns-1 is-cropped\">\n<li class=\"blocks-gallery-item\">\n<figure><img loading=\"lazy\" class=\"wp-image-82622 lazyloaded\" src=\"https:\/\/cdn-cv.r4you.co\/wp-content\/uploads\/2020\/08\/sono-motors-sion-side-view-brick-wall-1024x640.jpg\" sizes=\"(max-width: 1024px) 100vw, 1024px\" srcset=\"https:\/\/cdn-cv.r4you.co\/wp-content\/uploads\/2020\/08\/sono-motors-sion-side-view-brick-wall.jpg 1024w, https:\/\/cdn-cv.r4you.co\/wp-content\/uploads\/2020\/08\/sono-motors-sion-side-view-brick-wall-300x188.jpg 300w, https:\/\/cdn-cv.r4you.co\/wp-content\/uploads\/2020\/08\/sono-motors-sion-side-view-brick-wall-768x480.jpg 768w, https:\/\/cdn-cv.r4you.co\/wp-content\/uploads\/2020\/08\/sono-motors-sion-side-view-brick-wall-696x435.jpg 696w, https:\/\/cdn-cv.r4you.co\/wp-content\/uploads\/2020\/08\/sono-motors-sion-side-view-brick-wall-672x420.jpg 672w\" alt=\"\" width=\"640\" height=\"400\" data-id=\"82622\" data-link=\"https:\/\/ciclovivo.com.br\/?attachment_id=82622\" data-srcset=\"https:\/\/cdn-cv.r4you.co\/wp-content\/uploads\/2020\/08\/sono-motors-sion-side-view-brick-wall.jpg 1024w, https:\/\/cdn-cv.r4you.co\/wp-content\/uploads\/2020\/08\/sono-motors-sion-side-view-brick-wall-300x188.jpg 300w, https:\/\/cdn-cv.r4you.co\/wp-content\/uploads\/2020\/08\/sono-motors-sion-side-view-brick-wall-768x480.jpg 768w, https:\/\/cdn-cv.r4you.co\/wp-content\/uploads\/2020\/08\/sono-motors-sion-side-view-brick-wall-696x435.jpg 696w, https:\/\/cdn-cv.r4you.co\/wp-content\/uploads\/2020\/08\/sono-motors-sion-side-view-brick-wall-672x420.jpg 672w\" data-src=\"https:\/\/cdn-cv.r4you.co\/wp-content\/uploads\/2020\/08\/sono-motors-sion-side-view-brick-wall-1024x640.jpg\" \/><figcaption><em>Foto: Sono Motors<\/em><\/figcaption><\/figure>\n<\/li>\n<\/ul>\n<p>\u201cOs pain\u00e9is solares se moldam perfeitamente \u00e0 superf\u00edcie do ve\u00edculo e podem gerar at\u00e9 34 quil\u00f4metros de autonomia a mais por dia\u201d garante a fabricante. \u201cEsta dist\u00e2ncia \u00e9 o dobro da media de 17 quil\u00f4metros que os alem\u00e3es percorrem de casa ao trabalho\u201d.<\/p>\n<ul class=\"wp-block-gallery columns-1 is-cropped\">\n<li class=\"blocks-gallery-item\">\n<figure><img loading=\"lazy\" class=\"wp-image-82618 lazyloaded\" src=\"https:\/\/cdn-cv.r4you.co\/wp-content\/uploads\/2020\/08\/sono-motors-founders-1024x640.jpg\" sizes=\"(max-width: 1024px) 100vw, 1024px\" srcset=\"https:\/\/cdn-cv.r4you.co\/wp-content\/uploads\/2020\/08\/sono-motors-founders.jpg 1024w, https:\/\/cdn-cv.r4you.co\/wp-content\/uploads\/2020\/08\/sono-motors-founders-300x188.jpg 300w, https:\/\/cdn-cv.r4you.co\/wp-content\/uploads\/2020\/08\/sono-motors-founders-768x480.jpg 768w, https:\/\/cdn-cv.r4you.co\/wp-content\/uploads\/2020\/08\/sono-motors-founders-696x435.jpg 696w, https:\/\/cdn-cv.r4you.co\/wp-content\/uploads\/2020\/08\/sono-motors-founders-672x420.jpg 672w\" alt=\"sion sono motors carro el\u00e9trico\" width=\"640\" height=\"400\" data-id=\"82618\" data-link=\"https:\/\/ciclovivo.com.br\/?attachment_id=82618\" data-srcset=\"https:\/\/cdn-cv.r4you.co\/wp-content\/uploads\/2020\/08\/sono-motors-founders.jpg 1024w, https:\/\/cdn-cv.r4you.co\/wp-content\/uploads\/2020\/08\/sono-motors-founders-300x188.jpg 300w, https:\/\/cdn-cv.r4you.co\/wp-content\/uploads\/2020\/08\/sono-motors-founders-768x480.jpg 768w, https:\/\/cdn-cv.r4you.co\/wp-content\/uploads\/2020\/08\/sono-motors-founders-696x435.jpg 696w, https:\/\/cdn-cv.r4you.co\/wp-content\/uploads\/2020\/08\/sono-motors-founders-672x420.jpg 672w\" data-src=\"https:\/\/cdn-cv.r4you.co\/wp-content\/uploads\/2020\/08\/sono-motors-founders-1024x640.jpg\" \/><figcaption><em>Foto: Sono Motors<\/em><\/figcaption><\/figure>\n<\/li>\n<\/ul>\n<p>Projetado e fabricado em Munique, o prot\u00f3tipo de 2017 do Sion ficou maior \u2013 ganhou mais espa\u00e7o interno e mais tecnologia, o que permite seu uso por aplicativos de transporte e para o compartilhamento de ve\u00edculos.<\/p>\n<p>Um aplicativo pr\u00f3prio permite a troca de informa\u00e7\u00f5es entre usu\u00e1rios, que podem compartilhar o ve\u00edculo, coordenar caronas e at\u00e9 compartilhar carga, gra\u00e7as a uma fun\u00e7\u00e3o bidirecional de energia.<\/p>\n<ul class=\"wp-block-gallery columns-1 is-cropped\">\n<li class=\"blocks-gallery-item\">\n<figure><img loading=\"lazy\" class=\"wp-image-82619 lazyloaded\" src=\"https:\/\/cdn-cv.r4you.co\/wp-content\/uploads\/2020\/08\/sono-motors-sion-bisono-powersharing-1024x576.jpg\" sizes=\"(max-width: 1024px) 100vw, 1024px\" srcset=\"https:\/\/cdn-cv.r4you.co\/wp-content\/uploads\/2020\/08\/sono-motors-sion-bisono-powersharing.jpg 1024w, https:\/\/cdn-cv.r4you.co\/wp-content\/uploads\/2020\/08\/sono-motors-sion-bisono-powersharing-300x169.jpg 300w, https:\/\/cdn-cv.r4you.co\/wp-content\/uploads\/2020\/08\/sono-motors-sion-bisono-powersharing-768x432.jpg 768w, https:\/\/cdn-cv.r4you.co\/wp-content\/uploads\/2020\/08\/sono-motors-sion-bisono-powersharing-696x392.jpg 696w, https:\/\/cdn-cv.r4you.co\/wp-content\/uploads\/2020\/08\/sono-motors-sion-bisono-powersharing-747x420.jpg 747w\" alt=\"sion sono motor cerro el\u00e9trico\" width=\"640\" height=\"360\" data-id=\"82619\" data-link=\"https:\/\/ciclovivo.com.br\/?attachment_id=82619\" data-srcset=\"https:\/\/cdn-cv.r4you.co\/wp-content\/uploads\/2020\/08\/sono-motors-sion-bisono-powersharing.jpg 1024w, https:\/\/cdn-cv.r4you.co\/wp-content\/uploads\/2020\/08\/sono-motors-sion-bisono-powersharing-300x169.jpg 300w, https:\/\/cdn-cv.r4you.co\/wp-content\/uploads\/2020\/08\/sono-motors-sion-bisono-powersharing-768x432.jpg 768w, https:\/\/cdn-cv.r4you.co\/wp-content\/uploads\/2020\/08\/sono-motors-sion-bisono-powersharing-696x392.jpg 696w, https:\/\/cdn-cv.r4you.co\/wp-content\/uploads\/2020\/08\/sono-motors-sion-bisono-powersharing-747x420.jpg 747w\" data-src=\"https:\/\/cdn-cv.r4you.co\/wp-content\/uploads\/2020\/08\/sono-motors-sion-bisono-powersharing-1024x576.jpg\" \/><figcaption><em>Foto: Sono Motors<\/em><\/figcaption><\/figure>\n<\/li>\n<\/ul>\n<h2><strong>Novidades<\/strong><\/h2>\n<p>A Sono Motors j\u00e1 anunciou planos de desenvolver novos ve\u00edculos usando a Plataforma criada para o Sion, trazendo novidades para as \u00e1reas de mobilidade urbana, transporte comercial e servi\u00e7os de entrega, com carros que rodam por pequenos trechos pr\u00e9-estabelecidos.<\/p>\n<ul class=\"wp-block-gallery columns-3 is-cropped\">\n<li class=\"blocks-gallery-item\">\n<figure><img loading=\"lazy\" class=\"wp-image-82624 lazyloaded\" src=\"https:\/\/cdn-cv.r4you.co\/wp-content\/uploads\/2020\/08\/sono-motors-sion-side-profile.jpg\" sizes=\"(max-width: 600px) 100vw, 600px\" srcset=\"https:\/\/cdn-cv.r4you.co\/wp-content\/uploads\/2020\/08\/sono-motors-sion-side-profile.jpg 600w, https:\/\/cdn-cv.r4you.co\/wp-content\/uploads\/2020\/08\/sono-motors-sion-side-profile-300x169.jpg 300w\" alt=\"\" width=\"639\" height=\"360\" data-id=\"82624\" data-link=\"https:\/\/ciclovivo.com.br\/?attachment_id=82624\" data-srcset=\"https:\/\/cdn-cv.r4you.co\/wp-content\/uploads\/2020\/08\/sono-motors-sion-side-profile.jpg 600w, https:\/\/cdn-cv.r4you.co\/wp-content\/uploads\/2020\/08\/sono-motors-sion-side-profile-300x169.jpg 300w\" data-src=\"https:\/\/cdn-cv.r4you.co\/wp-content\/uploads\/2020\/08\/sono-motors-sion-side-profile.jpg\" \/><\/figure>\n<\/li>\n<li class=\"blocks-gallery-item\">\n<figure><img loading=\"lazy\" class=\"wp-image-82626 lazyloaded\" src=\"https:\/\/cdn-cv.r4you.co\/wp-content\/uploads\/2020\/08\/sono-motors-sion-studio-rear-view.jpg\" sizes=\"(max-width: 600px) 100vw, 600px\" srcset=\"https:\/\/cdn-cv.r4you.co\/wp-content\/uploads\/2020\/08\/sono-motors-sion-studio-rear-view.jpg 600w, https:\/\/cdn-cv.r4you.co\/wp-content\/uploads\/2020\/08\/sono-motors-sion-studio-rear-view-300x169.jpg 300w\" alt=\"\" width=\"639\" height=\"360\" data-id=\"82626\" data-link=\"https:\/\/ciclovivo.com.br\/?attachment_id=82626\" data-srcset=\"https:\/\/cdn-cv.r4you.co\/wp-content\/uploads\/2020\/08\/sono-motors-sion-studio-rear-view.jpg 600w, https:\/\/cdn-cv.r4you.co\/wp-content\/uploads\/2020\/08\/sono-motors-sion-studio-rear-view-300x169.jpg 300w\" data-src=\"https:\/\/cdn-cv.r4you.co\/wp-content\/uploads\/2020\/08\/sono-motors-sion-studio-rear-view.jpg\" \/><\/figure>\n<\/li>\n<li class=\"blocks-gallery-item\">\n<figure><img loading=\"lazy\" class=\"wp-image-82627 lazyloaded\" src=\"https:\/\/cdn-cv.r4you.co\/wp-content\/uploads\/2020\/08\/sono-motors-sion-studio.jpg\" sizes=\"(max-width: 600px) 100vw, 600px\" srcset=\"https:\/\/cdn-cv.r4you.co\/wp-content\/uploads\/2020\/08\/sono-motors-sion-studio.jpg 600w, https:\/\/cdn-cv.r4you.co\/wp-content\/uploads\/2020\/08\/sono-motors-sion-studio-300x169.jpg 300w\" alt=\"\" width=\"639\" height=\"360\" data-id=\"82627\" data-link=\"https:\/\/ciclovivo.com.br\/?attachment_id=82627\" data-srcset=\"https:\/\/cdn-cv.r4you.co\/wp-content\/uploads\/2020\/08\/sono-motors-sion-studio.jpg 600w, https:\/\/cdn-cv.r4you.co\/wp-content\/uploads\/2020\/08\/sono-motors-sion-studio-300x169.jpg 300w\" data-src=\"https:\/\/cdn-cv.r4you.co\/wp-content\/uploads\/2020\/08\/sono-motors-sion-studio.jpg\" \/><\/figure>\n<\/li>\n<\/ul>\n<p>Em uma iniciativa interativa, e in\u00e9dita, a empresa est\u00e1 decidindo junto com os consumidores que j\u00e1 compraram o carro antecipadamente os detalhes finais do projeto, por um sistema de vota\u00e7\u00e3o.<\/p>\n<p>Outra medida adotada pela montadora \u00e9 compensa\u00e7\u00e3o de 100% as emiss\u00f5es de carbono que n\u00e3o podem ser evitadas durante a fabrica\u00e7\u00e3o do ve\u00edculos.<\/p>\n<ul class=\"wp-block-gallery columns-1 is-cropped\">\n<li class=\"blocks-gallery-item\">\n<figure><img loading=\"lazy\" class=\"wp-image-82628 lazyloaded\" src=\"https:\/\/cdn-cv.r4you.co\/wp-content\/uploads\/2020\/08\/sono-motors-sion-rear-view-1024x576.jpg\" sizes=\"(max-width: 1024px) 100vw, 1024px\" srcset=\"https:\/\/cdn-cv.r4you.co\/wp-content\/uploads\/2020\/08\/sono-motors-sion-rear-view.jpg 1024w, https:\/\/cdn-cv.r4you.co\/wp-content\/uploads\/2020\/08\/sono-motors-sion-rear-view-300x169.jpg 300w, https:\/\/cdn-cv.r4you.co\/wp-content\/uploads\/2020\/08\/sono-motors-sion-rear-view-768x432.jpg 768w, https:\/\/cdn-cv.r4you.co\/wp-content\/uploads\/2020\/08\/sono-motors-sion-rear-view-696x392.jpg 696w, https:\/\/cdn-cv.r4you.co\/wp-content\/uploads\/2020\/08\/sono-motors-sion-rear-view-747x420.jpg 747w\" alt=\"\" width=\"640\" height=\"360\" data-id=\"82628\" data-link=\"https:\/\/ciclovivo.com.br\/?attachment_id=82628\" data-srcset=\"https:\/\/cdn-cv.r4you.co\/wp-content\/uploads\/2020\/08\/sono-motors-sion-rear-view.jpg 1024w, https:\/\/cdn-cv.r4you.co\/wp-content\/uploads\/2020\/08\/sono-motors-sion-rear-view-300x169.jpg 300w, https:\/\/cdn-cv.r4you.co\/wp-content\/uploads\/2020\/08\/sono-motors-sion-rear-view-768x432.jpg 768w, https:\/\/cdn-cv.r4you.co\/wp-content\/uploads\/2020\/08\/sono-motors-sion-rear-view-696x392.jpg 696w, https:\/\/cdn-cv.r4you.co\/wp-content\/uploads\/2020\/08\/sono-motors-sion-rear-view-747x420.jpg 747w\" data-src=\"https:\/\/cdn-cv.r4you.co\/wp-content\/uploads\/2020\/08\/sono-motors-sion-rear-view-1024x576.jpg\" \/><\/figure>\n<\/li>\n<\/ul>\n","protected":false},"excerpt":{"rendered":"<p>Um dos medos de quem comprou ou pensa comprar um carro el\u00e9trico \u00e9 a infraestrutura<\/p>\n","protected":false},"author":2,"featured_media":132311,"comment_status":"open","ping_status":"open","sticky":false,"template":"","format":"standard","meta":[],"categories":[],"tags":[],"uagb_featured_image_src":{"full":["https:\/\/espacoecologico.com.br\/arquivo\/wp-content\/uploads\/2020\/08\/carro.jpg",415,265,false],"thumbnail":["https:\/\/espacoecologico.com.br\/arquivo\/wp-content\/uploads\/2020\/08\/carro-150x150.jpg",150,150,true],"medium":["https:\/\/espacoecologico.com.br\/arquivo\/wp-content\/uploads\/2020\/08\/carro-300x192.jpg",300,192,true],"medium_large":["https:\/\/espacoecologico.com.br\/arquivo\/wp-content\/uploads\/2020\/08\/carro.jpg",415,265,false],"large":["https:\/\/espacoecologico.com.br\/arquivo\/wp-content\/uploads\/2020\/08\/carro.jpg",415,265,false],"1536x1536":["https:\/\/espacoecologico.com.br\/arquivo\/wp-content\/uploads\/2020\/08\/carro.jpg",415,265,false],"2048x2048":["https:\/\/espacoecologico.com.br\/arquivo\/wp-content\/uploads\/2020\/08\/carro.jpg",415,265,false],"cream-magazine-thumbnail-2":["https:\/\/espacoecologico.com.br\/arquivo\/wp-content\/uploads\/2020\/08\/carro.jpg",415,265,false],"cream-magazine-thumbnail-3":["https:\/\/espacoecologico.com.br\/arquivo\/wp-content\/uploads\/2020\/08\/carro.jpg",415,265,false],"cream-magazine-thumbnail-4":["https:\/\/espacoecologico.com.br\/arquivo\/wp-content\/uploads\/2020\/08\/carro.jpg",415,265,false]},"uagb_author_info":{"display_name":"","author_link":"https:\/\/espacoecologico.com.br\/arquivo\/author\/"},"uagb_comment_info":0,"uagb_excerpt":"Um dos medos de quem comprou ou pensa comprar um carro el\u00e9trico \u00e9 a infraestrutura","_links":{"self":[{"href":"https:\/\/espacoecologico.com.br\/arquivo\/wp-json\/wp\/v2\/posts\/132310"}],"collection":[{"href":"https:\/\/espacoecologico.com.br\/arquivo\/wp-json\/wp\/v2\/posts"}],"about":[{"href":"https:\/\/espacoecologico.com.br\/arquivo\/wp-json\/wp\/v2\/types\/post"}],"author":[{"embeddable":true,"href":"https:\/\/espacoecologico.com.br\/arquivo\/wp-json\/wp\/v2\/users\/2"}],"replies":[{"embeddable":true,"href":"https:\/\/espacoecologico.com.br\/arquivo\/wp-json\/wp\/v2\/comments?post=132310"}],"version-history":[{"count":0,"href":"https:\/\/espacoecologico.com.br\/arquivo\/wp-json\/wp\/v2\/posts\/132310\/revisions"}],"wp:featuredmedia":[{"embeddable":true,"href":"https:\/\/espacoecologico.com.br\/arquivo\/wp-json\/wp\/v2\/media\/132311"}],"wp:attachment":[{"href":"https:\/\/espacoecologico.com.br\/arquivo\/wp-json\/wp\/v2\/media?parent=132310"}],"wp:term":[{"taxonomy":"category","embeddable":true,"href":"https:\/\/espacoecologico.com.br\/arquivo\/wp-json\/wp\/v2\/categories?post=132310"},{"taxonomy":"post_tag","embeddable":true,"href":"https:\/\/espacoecologico.com.br\/arquivo\/wp-json\/wp\/v2\/tags?post=132310"}],"curies":[{"name":"wp","href":"https:\/\/api.w.org\/{rel}","templated":true}]}}