{"id":132304,"date":"2020-08-18T13:29:44","date_gmt":"2020-08-18T16:29:44","guid":{"rendered":"https:\/\/espacoecologico.com.br\/arquivo\/?p=132304"},"modified":"2020-08-18T13:29:44","modified_gmt":"2020-08-18T16:29:44","slug":"foco-na-sustentabilidade-ajudara-empresas-pos-covid-em-todo-o-mundo","status":"publish","type":"post","link":"https:\/\/espacoecologico.com.br\/arquivo\/foco-na-sustentabilidade-ajudara-empresas-pos-covid-em-todo-o-mundo\/","title":{"rendered":"Foco na sustentabilidade ajudar\u00e1 empresas p\u00f3s-Covid em todo o mundo"},"content":{"rendered":"<p><a href=\"https:\/\/espacoecologico.com.br\/arquivo\/wp-content\/uploads\/2020\/08\/amazonia.jpg\"><img loading=\"lazy\" class=\"alignleft size-medium wp-image-132305\" src=\"https:\/\/espacoecologico.com.br\/arquivo\/wp-content\/uploads\/2020\/08\/amazonia-300x192.jpg\" alt=\"\" width=\"300\" height=\"192\" srcset=\"https:\/\/espacoecologico.com.br\/arquivo\/wp-content\/uploads\/2020\/08\/amazonia-300x192.jpg 300w, https:\/\/espacoecologico.com.br\/arquivo\/wp-content\/uploads\/2020\/08\/amazonia.jpg 415w\" sizes=\"(max-width: 300px) 100vw, 300px\" \/><\/a>O in\u00edcio da pandemia e as pol\u00edticas de bloqueio que se seguiram colocaram em risco empresas em todo o mundo. Ser\u00e1 muito tentador para eles relegar qualquer compromisso com o meio ambiente para segundo plano enquanto tentam se recuperar, especialmente porque alguns governos abrandam os requisitos que minam a prote\u00e7\u00e3o ambiental, afirmou o The Conversation.<\/p>\n<p>\u201cA prestigiosa m\u00eddia internacional acredita que as empresas n\u00e3o devem sacrificar seus objetivos ambientais para proteger seu crescimento. Iniciativas verdes, como oferta de produtos ou servi\u00e7os verdes, introdu\u00e7\u00e3o de processos verdes internamente, contrata\u00e7\u00e3o de funcion\u00e1rios para promover pr\u00e1ticas sustent\u00e1veis ou ir al\u00e9m dos requisitos de conformidade, ajudam as empresas a crescer\u201d, comenta o portal.<\/p>\n<p>Usando dados de 9.236 pequenas e m\u00e9dias empresas em 35 pa\u00edses na Europa e nos Estados Unidos, a pesquisa da The Conversation sugere que, em termos gerais, as empresas se beneficiam por se tornarem mais verdes. \u201cAo oferecer novos produtos ou servi\u00e7os verdes, \u00e9 mais prov\u00e1vel que uma empresa se adapte a uma tend\u00eancia emergente ou nicho de mercado, o que pode torn\u00e1-la mais competitiva\u201d, completa.<\/p>\n<p>A Frugalpac, empresa brit\u00e2nica que fabrica embalagens de papel de baixo carbono para l\u00edquidos que j\u00e1 era destaque pela BioEconomy, por exemplo, recebeu um investimento de \u00a3 2 milh\u00f5es (US $ 2,6 milh\u00f5es) durante a pandemia, um momento em que aquele do qual a maioria das outras empresas lutou para obter financiamento. \u201cCom o amplo sucesso de sua x\u00edcara de caf\u00e9 de papel reciclado, a inovadora garrafa de vinho de papel da Frugalpac, tamb\u00e9m feita com 94% de papel reciclado, criou novas oportunidades de neg\u00f3cios\u201d, exemplifica.<\/p>\n","protected":false},"excerpt":{"rendered":"<p>O in\u00edcio da pandemia e as pol\u00edticas de bloqueio que se seguiram colocaram em risco<\/p>\n","protected":false},"author":2,"featured_media":132305,"comment_status":"open","ping_status":"open","sticky":false,"template":"","format":"standard","meta":[],"categories":[],"tags":[],"uagb_featured_image_src":{"full":["https:\/\/espacoecologico.com.br\/arquivo\/wp-content\/uploads\/2020\/08\/amazonia.jpg",415,265,false],"thumbnail":["https:\/\/espacoecologico.com.br\/arquivo\/wp-content\/uploads\/2020\/08\/amazonia-150x150.jpg",150,150,true],"medium":["https:\/\/espacoecologico.com.br\/arquivo\/wp-content\/uploads\/2020\/08\/amazonia-300x192.jpg",300,192,true],"medium_large":["https:\/\/espacoecologico.com.br\/arquivo\/wp-content\/uploads\/2020\/08\/amazonia.jpg",415,265,false],"large":["https:\/\/espacoecologico.com.br\/arquivo\/wp-content\/uploads\/2020\/08\/amazonia.jpg",415,265,false],"1536x1536":["https:\/\/espacoecologico.com.br\/arquivo\/wp-content\/uploads\/2020\/08\/amazonia.jpg",415,265,false],"2048x2048":["https:\/\/espacoecologico.com.br\/arquivo\/wp-content\/uploads\/2020\/08\/amazonia.jpg",415,265,false],"cream-magazine-thumbnail-2":["https:\/\/espacoecologico.com.br\/arquivo\/wp-content\/uploads\/2020\/08\/amazonia.jpg",415,265,false],"cream-magazine-thumbnail-3":["https:\/\/espacoecologico.com.br\/arquivo\/wp-content\/uploads\/2020\/08\/amazonia.jpg",415,265,false],"cream-magazine-thumbnail-4":["https:\/\/espacoecologico.com.br\/arquivo\/wp-content\/uploads\/2020\/08\/amazonia.jpg",415,265,false]},"uagb_author_info":{"display_name":"","author_link":"https:\/\/espacoecologico.com.br\/arquivo\/author\/"},"uagb_comment_info":0,"uagb_excerpt":"O in\u00edcio da pandemia e as pol\u00edticas de bloqueio que se seguiram colocaram em risco","_links":{"self":[{"href":"https:\/\/espacoecologico.com.br\/arquivo\/wp-json\/wp\/v2\/posts\/132304"}],"collection":[{"href":"https:\/\/espacoecologico.com.br\/arquivo\/wp-json\/wp\/v2\/posts"}],"about":[{"href":"https:\/\/espacoecologico.com.br\/arquivo\/wp-json\/wp\/v2\/types\/post"}],"author":[{"embeddable":true,"href":"https:\/\/espacoecologico.com.br\/arquivo\/wp-json\/wp\/v2\/users\/2"}],"replies":[{"embeddable":true,"href":"https:\/\/espacoecologico.com.br\/arquivo\/wp-json\/wp\/v2\/comments?post=132304"}],"version-history":[{"count":0,"href":"https:\/\/espacoecologico.com.br\/arquivo\/wp-json\/wp\/v2\/posts\/132304\/revisions"}],"wp:featuredmedia":[{"embeddable":true,"href":"https:\/\/espacoecologico.com.br\/arquivo\/wp-json\/wp\/v2\/media\/132305"}],"wp:attachment":[{"href":"https:\/\/espacoecologico.com.br\/arquivo\/wp-json\/wp\/v2\/media?parent=132304"}],"wp:term":[{"taxonomy":"category","embeddable":true,"href":"https:\/\/espacoecologico.com.br\/arquivo\/wp-json\/wp\/v2\/categories?post=132304"},{"taxonomy":"post_tag","embeddable":true,"href":"https:\/\/espacoecologico.com.br\/arquivo\/wp-json\/wp\/v2\/tags?post=132304"}],"curies":[{"name":"wp","href":"https:\/\/api.w.org\/{rel}","templated":true}]}}