{"id":132301,"date":"2020-08-18T13:20:43","date_gmt":"2020-08-18T16:20:43","guid":{"rendered":"https:\/\/espacoecologico.com.br\/arquivo\/?p=132301"},"modified":"2020-08-18T13:20:43","modified_gmt":"2020-08-18T16:20:43","slug":"aprenda-receitas-para-antes-ou-depois-do-treino-que-vao-te-ajudar-a-dormir-melhor","status":"publish","type":"post","link":"https:\/\/espacoecologico.com.br\/arquivo\/aprenda-receitas-para-antes-ou-depois-do-treino-que-vao-te-ajudar-a-dormir-melhor\/","title":{"rendered":"Aprenda receitas para antes ou depois do treino que v\u00e3o te ajudar a dormir melhor"},"content":{"rendered":"<p><a href=\"https:\/\/espacoecologico.com.br\/arquivo\/wp-content\/uploads\/2020\/08\/treino.jpg\"><img loading=\"lazy\" class=\"alignleft size-medium wp-image-132302\" src=\"https:\/\/espacoecologico.com.br\/arquivo\/wp-content\/uploads\/2020\/08\/treino-300x192.jpg\" alt=\"\" width=\"300\" height=\"192\" srcset=\"https:\/\/espacoecologico.com.br\/arquivo\/wp-content\/uploads\/2020\/08\/treino-300x192.jpg 300w, https:\/\/espacoecologico.com.br\/arquivo\/wp-content\/uploads\/2020\/08\/treino.jpg 415w\" sizes=\"(max-width: 300px) 100vw, 300px\" \/><\/a>Sucesso no Instagram, estas del\u00edcias na tigela devem passar na sua timeline com frequ\u00eancia. E o like \u00e9 certo:\u00a0 rendem fotos lindas e criativas. O mix de frutas, sementes e\u00a0<a href=\"https:\/\/boaforma.abril.com.br\/culinaria-saudavel\/manteigas-de-nuts-a-tendencia-fit-que-voce-precisa-conhecer\/\" target=\"_blank\" rel=\"noopener noreferrer\"><strong>nuts<\/strong><\/a>\u00a0funciona como op\u00e7\u00e3o de caf\u00e9 da manh\u00e3, pr\u00e9-treino,\u00a0<a href=\"https:\/\/boaforma.abril.com.br\/dieta\/8-produtos-com-acai-para-consumir-no-pre-ou-o-pos-treino\/\" target=\"_blank\" rel=\"noopener noreferrer\"><strong>p\u00f3s-treino<\/strong><\/a>\u00a0e jantar leve. Confira receitas pr\u00e1ticas:<\/p>\n<div class=\"widget-news widget-box no-margin no-border\"><\/div>\n<p><strong>1. <a href=\"https:\/\/boaforma.abril.com.br\/culinaria-saudavel\/smoothie-roxo-antes-do-treino-espanta-o-cansaco\/\" target=\"_blank\" rel=\"noopener noreferrer\">Smoothie roxo antes do treino que espanta o cansa\u00e7o<\/a><\/strong><\/p>\n<div class=\"content-image alignnone wp-caption\" style=\"width: 639px;\">\n<div class=\"image\">\n<div id=\"aggressive_1\" class=\"st-placement aggressive_1 inImage\">\n<div class=\"st-adunit st-show st-reset\">\n<div class=\"st-container st-reset\">\n<div class=\"st-adunit-ad st-reset\">\n<div class=\"st-reset\">\n<div class=\"important-styled st-canvas-container direct Full full-image-display f1q5ut5n\">\n<div class=\"important-styled st-canvas-el fa5yfwn\">\n<div class=\"important-styled st-canvas-container undefined f1q5ut5n\">\n<div class=\"important-styled st-canvas-el fa5yfwn\">\n<div class=\"important-styled st-canvas-container undefined f1q5ut5n\">\n<div class=\"important-styled st-canvas-el fa5yfwn\">\n<div class=\"important-styled f384iaj\">\n<div class=\"important-styled display-render-wrapper f384iaj\"><a href=\"https:\/\/boaforma.abril.com.br\/culinaria-saudavel\/smoothie-roxo-antes-do-treino-espanta-o-cansaco\/\" target=\"_blank\" rel=\"noopener noreferrer\"><img loading=\"lazy\" class=\"wp-image-50011\" src=\"https:\/\/abrilboaforma.files.wordpress.com\/2017\/11\/smoothie-roxo.jpg?quality=90&amp;strip=info&amp;w=600&amp;h=400\" sizes=\"(max-width: 600px) 100vw, 600px\" srcset=\"https:\/\/abrilboaforma.files.wordpress.com\/2017\/11\/smoothie-roxo.jpg?quality=90&amp;strip=info&amp;w=600&amp;h=400 600w, https:\/\/abrilboaforma.files.wordpress.com\/2017\/11\/smoothie-roxo.jpg?quality=90&amp;strip=info&amp;w=1200&amp;h=800 1200w, https:\/\/abrilboaforma.files.wordpress.com\/2017\/11\/smoothie-roxo.jpg?quality=90&amp;strip=info&amp;w=150&amp;h=100 150w, https:\/\/abrilboaforma.files.wordpress.com\/2017\/11\/smoothie-roxo.jpg?quality=90&amp;strip=info&amp;w=300&amp;h=200 300w, https:\/\/abrilboaforma.files.wordpress.com\/2017\/11\/smoothie-roxo.jpg?quality=90&amp;strip=info&amp;w=768&amp;h=512 768w, https:\/\/abrilboaforma.files.wordpress.com\/2017\/11\/smoothie-roxo.jpg?quality=90&amp;strip=info&amp;w=1024&amp;h=683 1024w\" alt=\"Smoothie roxo\" width=\"639\" height=\"426\" border=\"0\" data-image-title=\"smoothie-roxo\" data-restrict=\"false\" data-portal-copyright=\"Offset e Getty Images \/ BOA FORMA\" data-image-caption=\"\" \/><\/a>\u00a0\u2013<\/div>\n<\/div>\n<\/div>\n<\/div>\n<\/div>\n<\/div>\n<\/div>\n<\/div>\n<\/div>\n<\/div>\n<\/div>\n<\/div>\n<\/div>\n<\/div>\n<p class=\"caption\">\u00a0(Offset e Getty Images \/ BOA FORMA\/BOA FORMA)<\/p>\n<\/div>\n<p><strong>2.\u00a0<a href=\"https:\/\/boaforma.abril.com.br\/culinaria-saudavel\/este-smoothie-laranja-e-pos-treino-e-anti-inflamatorio\/\" target=\"_blank\" rel=\"noopener noreferrer\">Este smoothie de laranja \u00e9 p\u00f3s-treino e anti-inflamat\u00f3rio<\/a><\/strong><\/p>\n<div class=\"content-image alignnone wp-caption\" style=\"width: 638px;\">\n<div class=\"image\">\n<div id=\"standard_2\" class=\"st-placement standard_2 inImage\">\n<div class=\"st-adunit st-show st-reset\">\n<div class=\"st-adsby st-reset\"><\/div>\n<\/div>\n<\/div>\n<p><a href=\"https:\/\/boaforma.abril.com.br\/culinaria-saudavel\/este-smoothie-laranja-e-pos-treino-e-anti-inflamatorio\/\" target=\"_blank\" rel=\"noopener noreferrer\"><img loading=\"lazy\" class=\"wp-image-50366\" src=\"https:\/\/abrilboaforma.files.wordpress.com\/2017\/11\/smoothie-laranja.jpg?quality=90&amp;strip=info&amp;w=600&amp;h=400\" sizes=\"(max-width: 600px) 100vw, 600px\" srcset=\"https:\/\/abrilboaforma.files.wordpress.com\/2017\/11\/smoothie-laranja.jpg?quality=90&amp;strip=info&amp;w=600&amp;h=400 600w, https:\/\/abrilboaforma.files.wordpress.com\/2017\/11\/smoothie-laranja.jpg?quality=90&amp;strip=info&amp;w=1200&amp;h=800 1200w, https:\/\/abrilboaforma.files.wordpress.com\/2017\/11\/smoothie-laranja.jpg?quality=90&amp;strip=info&amp;w=150&amp;h=100 150w, https:\/\/abrilboaforma.files.wordpress.com\/2017\/11\/smoothie-laranja.jpg?quality=90&amp;strip=info&amp;w=300&amp;h=200 300w, https:\/\/abrilboaforma.files.wordpress.com\/2017\/11\/smoothie-laranja.jpg?quality=90&amp;strip=info&amp;w=768&amp;h=512 768w, https:\/\/abrilboaforma.files.wordpress.com\/2017\/11\/smoothie-laranja.jpg?quality=90&amp;strip=info&amp;w=1024&amp;h=683 1024w\" alt=\"Smoothie de laranja\" width=\"638\" height=\"425\" border=\"0\" data-image-title=\"Smoothie-laranja\" data-restrict=\"false\" data-portal-copyright=\"Getty Images\" data-image-caption=\"\" \/><\/a>\u00a0\u2013<\/div>\n<p class=\"caption\">\u00a0(Getty Images\/Getty Images)<\/p>\n<\/div>\n<p><strong>3.<\/strong> <strong><a href=\"https:\/\/boaforma.abril.com.br\/culinaria-saudavel\/smoothie-verde-para-um-jantar-leve-e-aliado-do-sono\/\" target=\"_blank\" rel=\"noopener noreferrer\">Smoothie verde para um jantar leve e aliado do sono<\/a><\/strong><\/p>\n<div id=\"aggressive_2\" class=\"st-placement aggressive_2 inImage\">\n<div class=\"st-adunit st-show st-reset\">\n<div class=\"st-container st-reset\">\n<div class=\"st-adunit-ad st-reset\">\n<div class=\"st-reset\">\n<div class=\"important-styled st-canvas-container open WideSkyscraper display-standard f1q5ut5n\">\n<div class=\"important-styled st-canvas-el fa5yfwn\">\n<div class=\"important-styled st-canvas-container undefined f1q5ut5n\">\n<div class=\"important-styled st-canvas-el fbtuco3\">\n<div class=\"important-styled st-canvas-container undefined f1q5ut5n\">\n<div class=\"important-styled st-canvas-el fa5yfwn\">\n<div class=\"important-styled display-render x-to-close fbuwcou\"><a href=\"https:\/\/boaforma.abril.com.br\/culinaria-saudavel\/smoothie-verde-para-um-jantar-leve-e-aliado-do-sono\/\" target=\"_blank\" rel=\"noopener noreferrer\"><img loading=\"lazy\" class=\"wp-image-52336\" style=\"border: 0px; margin: 0px; padding: 0px; box-sizing: border-box; list-style: none; outline: 0px; text-decoration: none; max-width: 100%; height: 425px;\" src=\"https:\/\/abrilboaforma.files.wordpress.com\/2017\/12\/smoothie-verde-abacate.jpg?quality=90&amp;strip=info&amp;w=600&amp;h=400\" sizes=\"(max-width: 600px) 100vw, 600px\" srcset=\"https:\/\/abrilboaforma.files.wordpress.com\/2017\/12\/smoothie-verde-abacate.jpg?quality=90&amp;strip=info&amp;w=600&amp;h=400 600w, https:\/\/abrilboaforma.files.wordpress.com\/2017\/12\/smoothie-verde-abacate.jpg?quality=90&amp;strip=info&amp;w=1200&amp;h=800 1200w, https:\/\/abrilboaforma.files.wordpress.com\/2017\/12\/smoothie-verde-abacate.jpg?quality=90&amp;strip=info&amp;w=150&amp;h=100 150w, https:\/\/abrilboaforma.files.wordpress.com\/2017\/12\/smoothie-verde-abacate.jpg?quality=90&amp;strip=info&amp;w=300&amp;h=200 300w, https:\/\/abrilboaforma.files.wordpress.com\/2017\/12\/smoothie-verde-abacate.jpg?quality=90&amp;strip=info&amp;w=768&amp;h=512 768w, https:\/\/abrilboaforma.files.wordpress.com\/2017\/12\/smoothie-verde-abacate.jpg?quality=90&amp;strip=info&amp;w=1024&amp;h=683 1024w\" alt=\"Smoothie Verde Abacate\" width=\"638\" height=\"400\" border=\"0\" data-attachment-id=\"52336\" data-permalink=\"https:\/\/boaforma.abril.com.br\/culinaria-saudavel\/smoothie-verde-para-um-jantar-leve-e-aliado-do-sono\/attachment\/smoothie-verde-abacate\/\" data-orig-file=\"https:\/\/abrilboaforma.files.wordpress.com\/2017\/12\/smoothie-verde-abacate.jpg?quality=90&amp;strip=info\" data-orig-size=\"1326,884\" data-comments-opened=\"1\" data-image-meta=\"{&quot;aperture&quot;:&quot;0&quot;,&quot;credit&quot;:&quot;&quot;,&quot;camera&quot;:&quot;&quot;,&quot;caption&quot;:&quot;&quot;,&quot;created_timestamp&quot;:&quot;0&quot;,&quot;copyright&quot;:&quot;&quot;,&quot;focal_length&quot;:&quot;0&quot;,&quot;iso&quot;:&quot;0&quot;,&quot;shutter_speed&quot;:&quot;0&quot;,&quot;title&quot;:&quot;&quot;,&quot;orientation&quot;:&quot;0&quot;}\" data-image-title=\"smoothie-verde-abacate\" data-image-description=\"&lt;p&gt;Smoothie Verde Abacate &lt;\/p&gt;\n\" data-medium-file=\"https:\/\/abrilboaforma.files.wordpress.com\/2017\/12\/smoothie-verde-abacate.jpg?quality=90&amp;strip=info&amp;w=300\" data-large-file=\"https:\/\/abrilboaforma.files.wordpress.com\/2017\/12\/smoothie-verde-abacate.jpg?quality=90&amp;strip=info&amp;w=1024\" data-restrict=\"false\" data-portal-copyright=\"Offset e Getty Images \/ BOA FORMA\" data-image-caption=\"\" \/><\/a><\/div>\n<\/div>\n<\/div>\n<\/div>\n<\/div>\n<\/div>\n<\/div>\n<\/div>\n<\/div>\n<\/div>\n<\/div>\n<\/div>\n<p><strong>4.\u00a0<a href=\"https:\/\/boaforma.abril.com.br\/culinaria-saudavel\/smoothie-rosa-para-um-lanche-da-tarde-cheio-de-antioxidantes\/\" target=\"_blank\" rel=\"noopener noreferrer\">Smoothie rosa para um lanche da tarde cheio de antioxidantes<\/a><\/strong><\/p>\n<div class=\"content-image alignnone wp-caption\" style=\"width: 636px;\">\n<div class=\"image\">\n<div id=\"standard_5\" class=\"st-placement standard_5 inImage\">\n<div class=\"st-adunit st-show st-reset\">\n<div class=\"st-container st-reset\">\n<div class=\"st-adunit-ad st-reset\">\n<div class=\"st-reset\">\n<div class=\"important-styled st-canvas-container open Leaderboard display-standard f1q5ut5n\">\n<div class=\"important-styled st-canvas-el fa5yfwn\">\n<div class=\"important-styled st-canvas-container undefined f1q5ut5n\">\n<div class=\"important-styled st-canvas-el fa3by1v\">\n<div class=\"important-styled st-canvas-container undefined f1q5ut5n\">\n<div class=\"important-styled st-canvas-el f19o0k2v\">\n<div class=\"important-styled f16jls0z\">\n<div class=\"important-styled display-render-wrapper f16jls0z\"><\/div>\n<\/div>\n<\/div>\n<\/div>\n<\/div>\n<\/div>\n<\/div>\n<\/div>\n<\/div>\n<\/div>\n<\/div>\n<\/div>\n<\/div>\n<p><a href=\"https:\/\/boaforma.abril.com.br\/culinaria-saudavel\/smoothie-rosa-para-um-lanche-da-tarde-cheio-de-antioxidantes\/\" target=\"_blank\" rel=\"noopener noreferrer\"><img loading=\"lazy\" class=\"wp-image-53465\" src=\"https:\/\/abrilboaforma.files.wordpress.com\/2018\/01\/offset_532711.jpg?quality=90&amp;strip=info&amp;w=600&amp;h=899\" alt=\"Smoothie rosa de pitaya e banana\" width=\"636\" height=\"953\" border=\"0\" data-image-title=\"smoothie-rosa\" data-restrict=\"false\" data-portal-copyright=\"Offset e Getty Images\" data-image-caption=\"\" \/><\/a><\/div>\n<p class=\"caption\">\u00a0(Offset e Getty Images\/BOA FORMA)<\/p>\n<\/div>\n","protected":false},"excerpt":{"rendered":"<p>Sucesso no Instagram, estas del\u00edcias na tigela devem passar na sua timeline com frequ\u00eancia. E<\/p>\n","protected":false},"author":2,"featured_media":132302,"comment_status":"open","ping_status":"open","sticky":false,"template":"","format":"standard","meta":[],"categories":[],"tags":[],"uagb_featured_image_src":{"full":["https:\/\/espacoecologico.com.br\/arquivo\/wp-content\/uploads\/2020\/08\/treino.jpg",415,265,false],"thumbnail":["https:\/\/espacoecologico.com.br\/arquivo\/wp-content\/uploads\/2020\/08\/treino-150x150.jpg",150,150,true],"medium":["https:\/\/espacoecologico.com.br\/arquivo\/wp-content\/uploads\/2020\/08\/treino-300x192.jpg",300,192,true],"medium_large":["https:\/\/espacoecologico.com.br\/arquivo\/wp-content\/uploads\/2020\/08\/treino.jpg",415,265,false],"large":["https:\/\/espacoecologico.com.br\/arquivo\/wp-content\/uploads\/2020\/08\/treino.jpg",415,265,false],"1536x1536":["https:\/\/espacoecologico.com.br\/arquivo\/wp-content\/uploads\/2020\/08\/treino.jpg",415,265,false],"2048x2048":["https:\/\/espacoecologico.com.br\/arquivo\/wp-content\/uploads\/2020\/08\/treino.jpg",415,265,false],"cream-magazine-thumbnail-2":["https:\/\/espacoecologico.com.br\/arquivo\/wp-content\/uploads\/2020\/08\/treino.jpg",415,265,false],"cream-magazine-thumbnail-3":["https:\/\/espacoecologico.com.br\/arquivo\/wp-content\/uploads\/2020\/08\/treino.jpg",415,265,false],"cream-magazine-thumbnail-4":["https:\/\/espacoecologico.com.br\/arquivo\/wp-content\/uploads\/2020\/08\/treino.jpg",415,265,false]},"uagb_author_info":{"display_name":"","author_link":"https:\/\/espacoecologico.com.br\/arquivo\/author\/"},"uagb_comment_info":0,"uagb_excerpt":"Sucesso no Instagram, estas del\u00edcias na tigela devem passar na sua timeline com frequ\u00eancia. E","_links":{"self":[{"href":"https:\/\/espacoecologico.com.br\/arquivo\/wp-json\/wp\/v2\/posts\/132301"}],"collection":[{"href":"https:\/\/espacoecologico.com.br\/arquivo\/wp-json\/wp\/v2\/posts"}],"about":[{"href":"https:\/\/espacoecologico.com.br\/arquivo\/wp-json\/wp\/v2\/types\/post"}],"author":[{"embeddable":true,"href":"https:\/\/espacoecologico.com.br\/arquivo\/wp-json\/wp\/v2\/users\/2"}],"replies":[{"embeddable":true,"href":"https:\/\/espacoecologico.com.br\/arquivo\/wp-json\/wp\/v2\/comments?post=132301"}],"version-history":[{"count":0,"href":"https:\/\/espacoecologico.com.br\/arquivo\/wp-json\/wp\/v2\/posts\/132301\/revisions"}],"wp:featuredmedia":[{"embeddable":true,"href":"https:\/\/espacoecologico.com.br\/arquivo\/wp-json\/wp\/v2\/media\/132302"}],"wp:attachment":[{"href":"https:\/\/espacoecologico.com.br\/arquivo\/wp-json\/wp\/v2\/media?parent=132301"}],"wp:term":[{"taxonomy":"category","embeddable":true,"href":"https:\/\/espacoecologico.com.br\/arquivo\/wp-json\/wp\/v2\/categories?post=132301"},{"taxonomy":"post_tag","embeddable":true,"href":"https:\/\/espacoecologico.com.br\/arquivo\/wp-json\/wp\/v2\/tags?post=132301"}],"curies":[{"name":"wp","href":"https:\/\/api.w.org\/{rel}","templated":true}]}}