{"id":132295,"date":"2020-08-18T13:07:13","date_gmt":"2020-08-18T16:07:13","guid":{"rendered":"https:\/\/espacoecologico.com.br\/arquivo\/?p=132295"},"modified":"2020-08-18T13:07:13","modified_gmt":"2020-08-18T16:07:13","slug":"ourico-terrestre-apesar-de-ameacado-de-extincao-cresce-o-interesse-pela-domesticacao-do-animal","status":"publish","type":"post","link":"https:\/\/espacoecologico.com.br\/arquivo\/ourico-terrestre-apesar-de-ameacado-de-extincao-cresce-o-interesse-pela-domesticacao-do-animal\/","title":{"rendered":"Ouri\u00e7o-terrestre: apesar de amea\u00e7ado de extin\u00e7\u00e3o, cresce o interesse pela domestica\u00e7\u00e3o do animal"},"content":{"rendered":"<p><a href=\"https:\/\/espacoecologico.com.br\/arquivo\/wp-content\/uploads\/2020\/08\/ourico.jpg\"><img loading=\"lazy\" class=\"alignleft size-medium wp-image-132296\" src=\"https:\/\/espacoecologico.com.br\/arquivo\/wp-content\/uploads\/2020\/08\/ourico-300x192.jpg\" alt=\"\" width=\"300\" height=\"192\" srcset=\"https:\/\/espacoecologico.com.br\/arquivo\/wp-content\/uploads\/2020\/08\/ourico-300x192.jpg 300w, https:\/\/espacoecologico.com.br\/arquivo\/wp-content\/uploads\/2020\/08\/ourico.jpg 415w\" sizes=\"(max-width: 300px) 100vw, 300px\" \/><\/a>O ouri\u00e7o \u00e9 um\u00a0<strong>pequeno mam\u00edfero coberto de espinhos<\/strong> e existem 16 esp\u00e9cies divididas em cinco g\u00eaneros, distribu\u00eddas nos continentes Europeu, Asi\u00e1tico, Africano e Americano. \u00c9 um animal de h\u00e1bito noturno e sua base alimentar s\u00e3o folhas e insetos, mas algumas esp\u00e9cies s\u00e3o unicamente fol\u00edvoros.<\/p>\n<p><a href=\"https:\/\/super.abril.com.br\/mundo-estranho\/qual-a-diferenca-entre-o-ourico-do-mar-e-o-ourico-terrestre\/\">Segundo a bi\u00f3loga<\/a>\u00a0K\u00e1tia Cassaro, da Funda\u00e7\u00e3o Parque Zool\u00f3gico de S\u00e3o Paulo, os ouri\u00e7os-terrestres s\u00e3o descendentes de mam\u00edferos primitivos que viveram no planeta h\u00e1 milh\u00f5es de anos,\u00a0<strong>s\u00e3o seres solit\u00e1rios, exceto durante o per\u00edodo de acasalamento<\/strong>.<\/p>\n<p><strong>No Brasil, existem\u00a0<\/strong><a href=\"http:\/\/www.museunacional.ufrj.br\/dir\/exposicoes\/zoologia\/zoo_vertebrados\/acervo\/zoo_mamiferos\/zoomam015.html\">8 esp\u00e9cies de 3 g\u00eaneros<\/a>\u00a0diferentes popularmente chamadas de ouri\u00e7o-cacheiro mas a esp\u00e9cie mais amea\u00e7ada \u00e9 a do ouri\u00e7o-preto.<\/p>\n<h2>O ouri\u00e7o-preto<\/h2>\n<p><strong>O ouri\u00e7o-preto \u00e9 um roedor end\u00eamico da Mata Atl\u00e2ntica<\/strong>, predominante do norte do Rio de Janeiro at\u00e9 o sul de Sergipe e j\u00e1 foi considerado comum na regi\u00e3o cacaueira do sul da Bahia.<\/p>\n<p>O ouri\u00e7o-preto possui espinhos apenas no pesco\u00e7o, cabe\u00e7a e membros anteriores e diferente das outras esp\u00e9cies, possui pelagem macia e escurecida nas costas, enquanto nas outras esp\u00e9cies os espinhos se distribuem por todo o dorso, at\u00e9 a cauda.<\/p>\n<p>Talvez por esse motivo cresceu o<strong>\u00a0interesse da popula\u00e7\u00e3o em domesticar o animal.<\/strong><\/p>\n<p>Por\u00e9m, o ouri\u00e7o tem h\u00e1bitos muito espec\u00edficos e, de atividade noturna e habitat natural de floresta, \u00e9 solit\u00e1rio, com baixo n\u00edvel de atividade diurna, ficando praticamente im\u00f3vel durante o dia.\u00a0<strong>Seu abrigo preferido \u00e9 a copa das \u00e1rvores<\/strong>, ficando camuflado entre cip\u00f3s e folhas secas. Fica claro, portanto, que\u00a0<strong>o ambiente dom\u00e9stico n\u00e3o \u00e9 adequado para o bicho<\/strong>.<\/p>\n<h2>Em extin\u00e7\u00e3o<\/h2>\n<p>Al\u00e9m disso, o ouri\u00e7o-preto \u00e9 considerado \u201cvulner\u00e1vel\u201d e est\u00e1 na lista vermelha da\u00a0<a href=\"https:\/\/www.icmbio.gov.br\/portal\/images\/stories\/comunicacao\/publicacoes\/publicacoes-diversas\/livro_vermelho_2018_vol1.pdf\">IUCN<\/a>\u00a0(Uni\u00e3o Internacional para Conserva\u00e7\u00e3o da Natureza) e na Lista Nacional Oficial de Esp\u00e9cies da Fauna Amea\u00e7adas de Extin\u00e7\u00e3o.<\/p>\n<p>Al\u00e9m da tentativa de\u00a0<strong>domestica\u00e7\u00e3o do animal<\/strong>, sua esp\u00e9cie \u00e9\u00a0<strong>considerada vulner\u00e1vel e amea\u00e7ada de extin\u00e7\u00e3o<\/strong>\u00a0principalmente pela perda do habitat natural, com derrubada e queimada da Mata Atl\u00e2ntica e tamb\u00e9m pela ca\u00e7a, atividade il\u00edcita amplamente praticada pela popula\u00e7\u00e3o, principalmente rural, que tem objetivo no\u00a0<strong>consumo da carne do ouri\u00e7o.<\/strong><\/p>\n<p>Dada a proximidade da popula\u00e7\u00e3o ao seu ambiente natural, \u00e9 comum que eles entrem em contato com os animais dom\u00e9sticos da popula\u00e7\u00e3o, acabando se ferindo ou sendo mortos por cachorros.<\/p>\n<p>O Instituto Chico Mendes de Conserva\u00e7\u00e3o da Biodiversidade (<strong>ICMBio<\/strong>) mant\u00e9m um Plano de A\u00e7\u00e3o Nacional (PAN) para conserva\u00e7\u00e3o do ouri\u00e7o-preto. O Instituto reuniu informa\u00e7\u00f5es cient\u00edficas que permitiram a elabora\u00e7\u00e3o de um<strong>\u00a0diagn\u00f3stico sobre o atual status de conserva\u00e7\u00e3o<\/strong>\u00a0e, portanto, a proposi\u00e7\u00e3o de um conjunto de a\u00e7\u00f5es que visem reverter e\/ou mitigar o processo de extin\u00e7\u00e3o da esp\u00e9cie.<\/p>\n<h2>Ouri\u00e7o como animal dom\u00e9stico? Melhor n\u00e3o!<\/h2>\n<p>Diante disso tudo, surge a pergunta: \u00e9 apropriado ter um ouri\u00e7o como animal dom\u00e9stico?<\/p>\n<p>\u00c9 comum encontrar na internet sites que inclusive \u201censinam\u201d os\u00a0<strong>cuidados necess\u00e1rios para cuidar do ouri\u00e7o em casa<\/strong>\u00a0e em todos os casos, por \u00f3bvio, o ambiente, atividades e alimenta\u00e7\u00e3o s\u00e3o totalmente contr\u00e1rios ao seu ambiente natural.<\/p>\n<p>Essas \u201cdicas\u201d incluem conv\u00edvio com outros animais dom\u00e9sticos, aquecimento individual em caso de temperatura baixa, terra para que possam escavar, gaiola com roda grande para exerc\u00edcio como utilizado para os hamester e alimenta\u00e7\u00e3o, inclusive a base de \u201cra\u00e7\u00e3o\u201d, com informa\u00e7\u00f5es sobre lojas de animais que j\u00e1 possuem esse tipo de produto.<\/p>\n<p>Na internet tamb\u00e9m \u00e9 poss\u00edvel encontrar\u00a0<strong>sites de compra do animal<\/strong>\u00a0e muitas vezes\u00a0<strong>n\u00e3o se sabe qual a origem e proced\u00eancia do ouri\u00e7o<\/strong>, nem tampouco se a cria\u00e7\u00e3o particular em cativeiro \u00e9 autorizada ou est\u00e1 respeitando a legisla\u00e7\u00e3o vigente.<\/p>\n<p>\u00c9 muito comum que pessoas f\u00edsicas que criam os animais no quintal talvez o fa\u00e7am em condi\u00e7\u00f5es prec\u00e1rias, o que favorece problemas de sa\u00fade com objetivo financeiro \u00fanico, sem nenhum cuidado.<\/p>\n<p>Por isso\u00a0<strong>pense muito bem antes de aderir a essa \u201cmoda\u201d<\/strong> de domestica\u00e7\u00e3o dos ouri\u00e7os, avalie se est\u00e1 apto a cuidar de um animal que exige tantos cuidados e se vale a pena manter em casa um bicho de h\u00e1bitos t\u00e3o diversos. Avalie com cuidado se poder\u00e1 trazer mais preju\u00edzos do que benef\u00edcios ao animal.<\/p>\n<p>Por sua condi\u00e7\u00e3o de esp\u00e9cie vulner\u00e1vel, habitat de floresta e copas de \u00e1rvores, h\u00e1bitos solit\u00e1rios e noturnos, a\u00a0<strong>domestica\u00e7\u00e3o do ouri\u00e7o-terrestre n\u00e3o \u00e9 a atitude mais adequada<\/strong>\u00a0que voc\u00ea possa fazer, para o bem-estar do animal.<\/p>\n<p>Voc\u00ea pode pensar que o fato do ouri\u00e7o ser criado em cativeiro impede o seu retorno ao seu habitat natural, por\u00e9m, avalie tamb\u00e9m o fato de que o aumento da procura pela compra do animal, consequentemente, faz aumentar o interesse e continuidade desse tipo de neg\u00f3cio. Lei da oferta e da procura.<\/p>\n<p>Se mesmo assim estiver decidido a adquirir um ouri\u00e7o-terrestre, voc\u00ea provavelmente poder\u00e1 escolher entre fazer a aquisi\u00e7\u00e3o de uma loja de pet shop, de uma pessoa f\u00edsica ou de um\u00a0<strong>criador credenciado<\/strong>, que \u00e9 a melhor alternativa dentre as tr\u00eas.<\/p>\n<p><strong>Antes de firmar a compra, siga as seguintes orienta\u00e7\u00f5es:<\/strong><\/p>\n<ul>\n<li>Pe\u00e7a para conhecer as instala\u00e7\u00f5es e a proced\u00eancia do animal, se era silvestre ou nascido em cativeiro e suas condi\u00e7\u00f5es de sa\u00fade e higiene.<\/li>\n<li>Pe\u00e7a ainda uma certifica\u00e7\u00e3o da sa\u00fade do animal, criadores confi\u00e1veis arquivam os registros m\u00e9dicos de cada filhote posto \u00e0 venda e dos pais deles. Portanto, s\u00e3o aptos a inform\u00e1-lo a respeito de quaisquer doen\u00e7as ou problemas sofridos por ele e das vacinas obrigat\u00f3rias para ouri\u00e7os em sua regi\u00e3o.<\/li>\n<li>Quando encontrar um bom criador, pe\u00e7a orienta\u00e7\u00f5es a respeito do manuseio e dos cuidados que o animal exige.<\/li>\n<\/ul>\n<p>Outro ponto fundamental a se avaliar \u00e9 que\u00a0<strong>nem todos os ouri\u00e7os v\u00e3o ser animais de estima\u00e7\u00e3o soci\u00e1veis<\/strong>,\u00a0alguns v\u00e3o ter sempre medo dos humanos com quem convivem, o que leva a frequentes abandonos dos bichos. Considere todos os pontos positivos e negativos antes de decidir adquirir um animal ex\u00f3tico.<\/p>\n<p>Outra quest\u00e3o de grande import\u00e2ncia \u00e9 n\u00e3o confundir com outras esp\u00e9cies de ouri\u00e7o de origem n\u00e3o end\u00eamica no Brasil, principalmente o ouri\u00e7o-pigmeu-africano, o\u00a0<strong>hedgehog<\/strong>, que atualmente est\u00e1 em moda.<\/p>\n<p>A cria\u00e7\u00e3o comercial, compra ou venda de hedgehog est\u00e3o proibidos no Brasil, por decis\u00e3o do IBAMA desde 1998, portanto, a<strong>\u00a0cria\u00e7\u00e3o, aquisi\u00e7\u00e3o ou venda dessa esp\u00e9cie \u00e9 crime<\/strong>. A introdu\u00e7\u00e3o ilegal de esp\u00e9cie n\u00e3o nativa pode gerar desequil\u00edbrio ambiental afetando diversas esp\u00e9cies em cadeia produtiva.<\/p>\n<p>O conhecimento desse tipo de com\u00e9rcio ilegal deve ser denunciado \u00e0 pol\u00edcia ambiental da regi\u00e3o mais pr\u00f3xima.<\/p>\n","protected":false},"excerpt":{"rendered":"<p>O ouri\u00e7o \u00e9 um\u00a0pequeno mam\u00edfero coberto de espinhos e existem 16 esp\u00e9cies divididas em cinco<\/p>\n","protected":false},"author":2,"featured_media":132296,"comment_status":"open","ping_status":"open","sticky":false,"template":"","format":"standard","meta":[],"categories":[],"tags":[],"uagb_featured_image_src":{"full":["https:\/\/espacoecologico.com.br\/arquivo\/wp-content\/uploads\/2020\/08\/ourico.jpg",415,265,false],"thumbnail":["https:\/\/espacoecologico.com.br\/arquivo\/wp-content\/uploads\/2020\/08\/ourico-150x150.jpg",150,150,true],"medium":["https:\/\/espacoecologico.com.br\/arquivo\/wp-content\/uploads\/2020\/08\/ourico-300x192.jpg",300,192,true],"medium_large":["https:\/\/espacoecologico.com.br\/arquivo\/wp-content\/uploads\/2020\/08\/ourico.jpg",415,265,false],"large":["https:\/\/espacoecologico.com.br\/arquivo\/wp-content\/uploads\/2020\/08\/ourico.jpg",415,265,false],"1536x1536":["https:\/\/espacoecologico.com.br\/arquivo\/wp-content\/uploads\/2020\/08\/ourico.jpg",415,265,false],"2048x2048":["https:\/\/espacoecologico.com.br\/arquivo\/wp-content\/uploads\/2020\/08\/ourico.jpg",415,265,false],"cream-magazine-thumbnail-2":["https:\/\/espacoecologico.com.br\/arquivo\/wp-content\/uploads\/2020\/08\/ourico.jpg",415,265,false],"cream-magazine-thumbnail-3":["https:\/\/espacoecologico.com.br\/arquivo\/wp-content\/uploads\/2020\/08\/ourico.jpg",415,265,false],"cream-magazine-thumbnail-4":["https:\/\/espacoecologico.com.br\/arquivo\/wp-content\/uploads\/2020\/08\/ourico.jpg",415,265,false]},"uagb_author_info":{"display_name":"","author_link":"https:\/\/espacoecologico.com.br\/arquivo\/author\/"},"uagb_comment_info":0,"uagb_excerpt":"O ouri\u00e7o \u00e9 um\u00a0pequeno mam\u00edfero coberto de espinhos e existem 16 esp\u00e9cies divididas em cinco","_links":{"self":[{"href":"https:\/\/espacoecologico.com.br\/arquivo\/wp-json\/wp\/v2\/posts\/132295"}],"collection":[{"href":"https:\/\/espacoecologico.com.br\/arquivo\/wp-json\/wp\/v2\/posts"}],"about":[{"href":"https:\/\/espacoecologico.com.br\/arquivo\/wp-json\/wp\/v2\/types\/post"}],"author":[{"embeddable":true,"href":"https:\/\/espacoecologico.com.br\/arquivo\/wp-json\/wp\/v2\/users\/2"}],"replies":[{"embeddable":true,"href":"https:\/\/espacoecologico.com.br\/arquivo\/wp-json\/wp\/v2\/comments?post=132295"}],"version-history":[{"count":0,"href":"https:\/\/espacoecologico.com.br\/arquivo\/wp-json\/wp\/v2\/posts\/132295\/revisions"}],"wp:featuredmedia":[{"embeddable":true,"href":"https:\/\/espacoecologico.com.br\/arquivo\/wp-json\/wp\/v2\/media\/132296"}],"wp:attachment":[{"href":"https:\/\/espacoecologico.com.br\/arquivo\/wp-json\/wp\/v2\/media?parent=132295"}],"wp:term":[{"taxonomy":"category","embeddable":true,"href":"https:\/\/espacoecologico.com.br\/arquivo\/wp-json\/wp\/v2\/categories?post=132295"},{"taxonomy":"post_tag","embeddable":true,"href":"https:\/\/espacoecologico.com.br\/arquivo\/wp-json\/wp\/v2\/tags?post=132295"}],"curies":[{"name":"wp","href":"https:\/\/api.w.org\/{rel}","templated":true}]}}