{"id":132292,"date":"2020-08-18T13:02:49","date_gmt":"2020-08-18T16:02:49","guid":{"rendered":"https:\/\/espacoecologico.com.br\/arquivo\/?p=132292"},"modified":"2020-08-18T13:02:49","modified_gmt":"2020-08-18T16:02:49","slug":"projeto-de-reflorestamento-transforma-deserto-no-paquistao","status":"publish","type":"post","link":"https:\/\/espacoecologico.com.br\/arquivo\/projeto-de-reflorestamento-transforma-deserto-no-paquistao\/","title":{"rendered":"Projeto de reflorestamento transforma deserto no Paquist\u00e3o"},"content":{"rendered":"<p><a href=\"https:\/\/espacoecologico.com.br\/arquivo\/wp-content\/uploads\/2020\/08\/reflorestamento.jpg\"><img loading=\"lazy\" class=\"alignleft size-medium wp-image-132293\" src=\"https:\/\/espacoecologico.com.br\/arquivo\/wp-content\/uploads\/2020\/08\/reflorestamento-300x192.jpg\" alt=\"\" width=\"300\" height=\"192\" srcset=\"https:\/\/espacoecologico.com.br\/arquivo\/wp-content\/uploads\/2020\/08\/reflorestamento-300x192.jpg 300w, https:\/\/espacoecologico.com.br\/arquivo\/wp-content\/uploads\/2020\/08\/reflorestamento.jpg 415w\" sizes=\"(max-width: 300px) 100vw, 300px\" \/><\/a>Surpresa e esperan\u00e7a. S\u00e3o estes os sentimentos causados pelo v\u00eddeo publicado por Malik Amin Aslam, assessor do Primeiro Ministro do Paquist\u00e3o, no Twitter.<\/p>\n<p>As imagens mostram a Reserva Natural de Balloki, h\u00e1 um ano, e atualmente. No \u201cantes e depois\u201d d\u00e1 para se ter uma ideia dos resultados que o Paquist\u00e3o pretende alcan\u00e7ar com a iniciativa governamental Tsumani de 10 Bilh\u00f5es de \u00c1rvores, que come\u00e7ou em 2019.<\/p>\n<p>No v\u00eddeo \u00e9 poss\u00edvel ver a terra seca, sem nenhum verde h\u00e1 aproximadamente 1 ano e, nos dias de hoje, uma paisagem com vegeta\u00e7\u00e3o.<\/p>\n<p>O projeto Tsumani de 10 Bilh\u00f5es de \u00c1rvores foi lan\u00e7ado no ano passado para promover o reflorestamento no Paquist\u00e3o. \u00a0O objetivo \u00e9 plantar 10 milh\u00f5es de \u00e1rvores em 5 anos e, com isso, aumentar a cobertura florestal, recuperar \u00e1reas degradadas, proteger as reservas j\u00e1 existentes e a biodiversidade, al\u00e9m de gerar emprego, renda e melhorar a qualidade de vida no pa\u00eds.<\/p>\n<h2>Desafios<\/h2>\n<p>Em meio aos desafios trazidos pela pandemia, o projeto tamb\u00e9m enfrentou den\u00fancias de corrup\u00e7\u00e3o. Mas o plantio continua.<\/p>\n<p>Para dar continuidade ao projeto e apoio \u00e0 popula\u00e7\u00e3o, o governo est\u00e1 contratando trabalhadores desempregados est\u00e3o recebendo cerca de 500 rupias por dia para plantar \u00e1rvores, cerca de metade do que recebiam em empregos formais.<\/p>\n","protected":false},"excerpt":{"rendered":"<p>Surpresa e esperan\u00e7a. S\u00e3o estes os sentimentos causados pelo v\u00eddeo publicado por Malik Amin Aslam,<\/p>\n","protected":false},"author":2,"featured_media":132293,"comment_status":"open","ping_status":"open","sticky":false,"template":"","format":"standard","meta":[],"categories":[],"tags":[],"uagb_featured_image_src":{"full":["https:\/\/espacoecologico.com.br\/arquivo\/wp-content\/uploads\/2020\/08\/reflorestamento.jpg",415,265,false],"thumbnail":["https:\/\/espacoecologico.com.br\/arquivo\/wp-content\/uploads\/2020\/08\/reflorestamento-150x150.jpg",150,150,true],"medium":["https:\/\/espacoecologico.com.br\/arquivo\/wp-content\/uploads\/2020\/08\/reflorestamento-300x192.jpg",300,192,true],"medium_large":["https:\/\/espacoecologico.com.br\/arquivo\/wp-content\/uploads\/2020\/08\/reflorestamento.jpg",415,265,false],"large":["https:\/\/espacoecologico.com.br\/arquivo\/wp-content\/uploads\/2020\/08\/reflorestamento.jpg",415,265,false],"1536x1536":["https:\/\/espacoecologico.com.br\/arquivo\/wp-content\/uploads\/2020\/08\/reflorestamento.jpg",415,265,false],"2048x2048":["https:\/\/espacoecologico.com.br\/arquivo\/wp-content\/uploads\/2020\/08\/reflorestamento.jpg",415,265,false],"cream-magazine-thumbnail-2":["https:\/\/espacoecologico.com.br\/arquivo\/wp-content\/uploads\/2020\/08\/reflorestamento.jpg",415,265,false],"cream-magazine-thumbnail-3":["https:\/\/espacoecologico.com.br\/arquivo\/wp-content\/uploads\/2020\/08\/reflorestamento.jpg",415,265,false],"cream-magazine-thumbnail-4":["https:\/\/espacoecologico.com.br\/arquivo\/wp-content\/uploads\/2020\/08\/reflorestamento.jpg",415,265,false]},"uagb_author_info":{"display_name":"","author_link":"https:\/\/espacoecologico.com.br\/arquivo\/author\/"},"uagb_comment_info":0,"uagb_excerpt":"Surpresa e esperan\u00e7a. S\u00e3o estes os sentimentos causados pelo v\u00eddeo publicado por Malik Amin Aslam,","_links":{"self":[{"href":"https:\/\/espacoecologico.com.br\/arquivo\/wp-json\/wp\/v2\/posts\/132292"}],"collection":[{"href":"https:\/\/espacoecologico.com.br\/arquivo\/wp-json\/wp\/v2\/posts"}],"about":[{"href":"https:\/\/espacoecologico.com.br\/arquivo\/wp-json\/wp\/v2\/types\/post"}],"author":[{"embeddable":true,"href":"https:\/\/espacoecologico.com.br\/arquivo\/wp-json\/wp\/v2\/users\/2"}],"replies":[{"embeddable":true,"href":"https:\/\/espacoecologico.com.br\/arquivo\/wp-json\/wp\/v2\/comments?post=132292"}],"version-history":[{"count":0,"href":"https:\/\/espacoecologico.com.br\/arquivo\/wp-json\/wp\/v2\/posts\/132292\/revisions"}],"wp:featuredmedia":[{"embeddable":true,"href":"https:\/\/espacoecologico.com.br\/arquivo\/wp-json\/wp\/v2\/media\/132293"}],"wp:attachment":[{"href":"https:\/\/espacoecologico.com.br\/arquivo\/wp-json\/wp\/v2\/media?parent=132292"}],"wp:term":[{"taxonomy":"category","embeddable":true,"href":"https:\/\/espacoecologico.com.br\/arquivo\/wp-json\/wp\/v2\/categories?post=132292"},{"taxonomy":"post_tag","embeddable":true,"href":"https:\/\/espacoecologico.com.br\/arquivo\/wp-json\/wp\/v2\/tags?post=132292"}],"curies":[{"name":"wp","href":"https:\/\/api.w.org\/{rel}","templated":true}]}}