{"id":132289,"date":"2020-08-18T12:58:38","date_gmt":"2020-08-18T15:58:38","guid":{"rendered":"https:\/\/espacoecologico.com.br\/arquivo\/?p=132289"},"modified":"2020-08-18T12:58:38","modified_gmt":"2020-08-18T15:58:38","slug":"cientistas-encontram-microplastico-em-tecidos-de-orgaos-humanos","status":"publish","type":"post","link":"https:\/\/espacoecologico.com.br\/arquivo\/cientistas-encontram-microplastico-em-tecidos-de-orgaos-humanos\/","title":{"rendered":"Cientistas encontram micropl\u00e1stico em tecidos de \u00f3rg\u00e3os humanos"},"content":{"rendered":"<article>\n<div class=\"protected-content\">\n<p><a href=\"https:\/\/espacoecologico.com.br\/arquivo\/wp-content\/uploads\/2020\/08\/microplastico-1.jpg\"><img loading=\"lazy\" class=\"alignleft size-medium wp-image-132290\" src=\"https:\/\/espacoecologico.com.br\/arquivo\/wp-content\/uploads\/2020\/08\/microplastico-1-300x192.jpg\" alt=\"\" width=\"300\" height=\"192\" srcset=\"https:\/\/espacoecologico.com.br\/arquivo\/wp-content\/uploads\/2020\/08\/microplastico-1-300x192.jpg 300w, https:\/\/espacoecologico.com.br\/arquivo\/wp-content\/uploads\/2020\/08\/microplastico-1.jpg 415w\" sizes=\"(max-width: 300px) 100vw, 300px\" \/><\/a>J\u00e1 n\u00e3o \u00e9 novidade que os\u00a0<a href=\"https:\/\/revistagalileu.globo.com\/Ciencia\/Meio-Ambiente\/noticia\/2020\/08\/quantidade-de-microplastico-nas-ilhas-maldivas-e-uma-das-maiores-do-mundo.html\">micropl\u00e1sticos<\/a>\u00a0causam danos ao\u00a0<a href=\"https:\/\/revistagalileu.globo.com\/Ciencia\/Meio-Ambiente\/noticia\/plantao.html\">meio ambiente<\/a>: eles se depositam no fundo do mar e afetam a sobreviv\u00eancia de peixes e animais marinhos.\u00a0Agora, cientistas norte-americanos relatam que encontraram micro e nanopl\u00e1sticos em \u00f3rg\u00e3os e\u00a0<a href=\"https:\/\/revistagalileu.globo.com\/Ciencia\/noticia\/2019\/04\/com-tecido-humano-cientistas-imprimem-coracao-em-3d-pela-primeira-vez.html\">tecidos humanos<\/a>.<\/p>\n<p>Micropl\u00e1sticos s\u00e3o fragmentos de pol\u00edmeros que medem menos de 5 mil\u00edmetros; e nanopl\u00e1sticos n\u00e3o passam de 0,001 mil\u00edmetro. &#8220;Em poucas d\u00e9cadas, deixamos de ver o\u00a0<a href=\"https:\/\/revistagalileu.globo.com\/Ciencia\/Meio-Ambiente\/noticia\/2020\/07\/como-estara-situacao-dos-plasticos-nos-oceanos-em-2040.html\">pl\u00e1stico<\/a>\u00a0como um benef\u00edcio maravilhoso para consider\u00e1-lo uma amea\u00e7a&#8221;,\u00a0<a href=\"https:\/\/phys.org\/news\/2020-08-micro-nanoplastics-human-tissues.html\">disse, em nota<\/a>, Charles Rolsky, autor da pesquisa que ser\u00e1 apresentada nesta segunda-feira (17) no congresso da Sociedade Americana de Qu\u00edmica. &#8220;H\u00e1 evid\u00eancias de que ele est\u00e1 entrando em nosso corpo, h\u00e1 pouca investiga\u00e7\u00e3o. Neste momento, n\u00e3o sabemos se esse pl\u00e1stico \u00e9 apenas um inc\u00f4modo ou se representa um perigo para a\u00a0<a href=\"https:\/\/revistagalileu.globo.com\/Ciencia\/Saude\/noticia\/plantao.html\">sa\u00fade<\/a> humana&#8221;.<\/p>\n<p>Para realizar o estudo, os pesquisadores recolheram 47 amostras de\u00a0tecidos corporais\u00a0retirados de\u00a0<a href=\"https:\/\/revistagalileu.globo.com\/Ciencia\/Saude\/noticia\/2020\/07\/metodo-inovador-permite-salvar-pulmoes-danificados-antes-de-transplante.html\">pulm\u00f5es<\/a>,\u00a0<a href=\"https:\/\/revistagalileu.globo.com\/Ciencia\/Saude\/noticia\/2020\/02\/comer-brocolis-e-couve-flor-ajuda-eliminar-gordura-dn-figado.html\">f\u00edgado<\/a>, ba\u00e7o e\u00a0<a href=\"https:\/\/revistagalileu.globo.com\/Ciencia\/Saude\/noticia\/2020\/05\/apos-sentir-dor-nas-costas-brasileiro-descobre-que-tem-3-rins.html\">rins<\/a>\u00a0\u2014 quatro \u00f3rg\u00e3os que provavelmente est\u00e3o expostos, filtram ou coletam micropl\u00e1sticos. A equipe desenvolveu um m\u00e9todo que extraiu esses componentes e tamb\u00e9m criou um programa de computador que contou as part\u00edculas encontradas.<\/p>\n<p>Como resultado, os especialistas conseguiram detectar dezenas de tipos de materiais pl\u00e1sticos em tecidos humanos, incluindo policarbonato, tereftalato de polietileno e polietileno. Por sua vez, o\u00a0<a href=\"https:\/\/revistagalileu.globo.com\/Ciencia\/Saude\/noticia\/2019\/12\/niveis-de-bpa-no-corpo-humano-podem-ser-44-vezes-maior-do-que-se-imaginava.html\">bisfenol A (BPA)<\/a>, usado em recipientes de alimentos e comidas, por exemplo, foi encontrado em todas as amostras humanas.\u00a0Os doadores de tecido forneceram informa\u00e7\u00f5es detalhadas sobre seu estilo de vida,\u00a0<a href=\"https:\/\/revistagalileu.globo.com\/Sociedade\/noticia\/2020\/06\/bill-schindler-o-que-pensa-o-pai-da-dieta-moderna-da-idade-da-pedra.html\">dieta<\/a> e ocupa\u00e7\u00e3o, o que pode fornecer mais informa\u00e7\u00f5es para detectar fontes e vias de exposi\u00e7\u00e3o a micro e nanopl\u00e1sticos.<\/p>\n<p>\u201cNunca queremos ser alarmistas, mas \u00e9 preocupante que esses materiais n\u00e3o\u00a0<a href=\"https:\/\/revistagalileu.globo.com\/Ciencia\/noticia\/2020\/01\/estudantes-brasileiras-criam-plastico-biodegradavel-com-bagaco-da-cana.html\">biodegrad\u00e1veis<\/a>\u00a0\u200b\u200bque est\u00e3o presentes em todos os lugares possam entrar e se acumular nos tecidos humanos, e n\u00e3o sabemos os poss\u00edveis efeitos para a\u00a0<a href=\"https:\/\/revistagalileu.globo.com\/Ciencia\/Saude\/noticia\/plantao.html\">sa\u00fade<\/a>\u201d, diz Varun Kelkar, coautor do estudo. O pr\u00f3ximo passo do grupo \u00e9 conduzir estudos para avaliar os riscos potenciais que esses fragmentos causam ao nosso organismo.<\/p>\n<\/div>\n<\/article>\n<section id=\"pos-content\">\n<div id=\"sponsored-content\">\n<div>\n<div id=\"taboola-below-article-thumbnails\" class=\" trc_related_container trc_spotlight_widget tbl-feed-container tbl-feed-full-width tbl-feed-frame-DIVIDER editoraglobo-galileu-feed render-late-effect\" data-feed-container-num=\"1\" data-feed-main-container-id=\"taboola-below-article-thumbnails\" data-parent-placement-name=\"Below Article Thumbnails\" data-pub-lang=\"pt\">\n<div class=\" tbl-feed-header tbl-logo-right-position tbl-header-with-text\"><\/div>\n<\/div>\n<\/div>\n<\/div>\n<\/section>\n","protected":false},"excerpt":{"rendered":"<p>J\u00e1 n\u00e3o \u00e9 novidade que os\u00a0micropl\u00e1sticos\u00a0causam danos ao\u00a0meio ambiente: eles se depositam no fundo do<\/p>\n","protected":false},"author":2,"featured_media":132290,"comment_status":"open","ping_status":"open","sticky":false,"template":"","format":"standard","meta":[],"categories":[],"tags":[],"uagb_featured_image_src":{"full":["https:\/\/espacoecologico.com.br\/arquivo\/wp-content\/uploads\/2020\/08\/microplastico-1.jpg",415,265,false],"thumbnail":["https:\/\/espacoecologico.com.br\/arquivo\/wp-content\/uploads\/2020\/08\/microplastico-1-150x150.jpg",150,150,true],"medium":["https:\/\/espacoecologico.com.br\/arquivo\/wp-content\/uploads\/2020\/08\/microplastico-1-300x192.jpg",300,192,true],"medium_large":["https:\/\/espacoecologico.com.br\/arquivo\/wp-content\/uploads\/2020\/08\/microplastico-1.jpg",415,265,false],"large":["https:\/\/espacoecologico.com.br\/arquivo\/wp-content\/uploads\/2020\/08\/microplastico-1.jpg",415,265,false],"1536x1536":["https:\/\/espacoecologico.com.br\/arquivo\/wp-content\/uploads\/2020\/08\/microplastico-1.jpg",415,265,false],"2048x2048":["https:\/\/espacoecologico.com.br\/arquivo\/wp-content\/uploads\/2020\/08\/microplastico-1.jpg",415,265,false],"cream-magazine-thumbnail-2":["https:\/\/espacoecologico.com.br\/arquivo\/wp-content\/uploads\/2020\/08\/microplastico-1.jpg",415,265,false],"cream-magazine-thumbnail-3":["https:\/\/espacoecologico.com.br\/arquivo\/wp-content\/uploads\/2020\/08\/microplastico-1.jpg",415,265,false],"cream-magazine-thumbnail-4":["https:\/\/espacoecologico.com.br\/arquivo\/wp-content\/uploads\/2020\/08\/microplastico-1.jpg",415,265,false]},"uagb_author_info":{"display_name":"","author_link":"https:\/\/espacoecologico.com.br\/arquivo\/author\/"},"uagb_comment_info":0,"uagb_excerpt":"J\u00e1 n\u00e3o \u00e9 novidade que os\u00a0micropl\u00e1sticos\u00a0causam danos ao\u00a0meio ambiente: eles se depositam no fundo do","_links":{"self":[{"href":"https:\/\/espacoecologico.com.br\/arquivo\/wp-json\/wp\/v2\/posts\/132289"}],"collection":[{"href":"https:\/\/espacoecologico.com.br\/arquivo\/wp-json\/wp\/v2\/posts"}],"about":[{"href":"https:\/\/espacoecologico.com.br\/arquivo\/wp-json\/wp\/v2\/types\/post"}],"author":[{"embeddable":true,"href":"https:\/\/espacoecologico.com.br\/arquivo\/wp-json\/wp\/v2\/users\/2"}],"replies":[{"embeddable":true,"href":"https:\/\/espacoecologico.com.br\/arquivo\/wp-json\/wp\/v2\/comments?post=132289"}],"version-history":[{"count":0,"href":"https:\/\/espacoecologico.com.br\/arquivo\/wp-json\/wp\/v2\/posts\/132289\/revisions"}],"wp:featuredmedia":[{"embeddable":true,"href":"https:\/\/espacoecologico.com.br\/arquivo\/wp-json\/wp\/v2\/media\/132290"}],"wp:attachment":[{"href":"https:\/\/espacoecologico.com.br\/arquivo\/wp-json\/wp\/v2\/media?parent=132289"}],"wp:term":[{"taxonomy":"category","embeddable":true,"href":"https:\/\/espacoecologico.com.br\/arquivo\/wp-json\/wp\/v2\/categories?post=132289"},{"taxonomy":"post_tag","embeddable":true,"href":"https:\/\/espacoecologico.com.br\/arquivo\/wp-json\/wp\/v2\/tags?post=132289"}],"curies":[{"name":"wp","href":"https:\/\/api.w.org\/{rel}","templated":true}]}}