{"id":132286,"date":"2020-08-18T12:54:16","date_gmt":"2020-08-18T15:54:16","guid":{"rendered":"https:\/\/espacoecologico.com.br\/arquivo\/?p=132286"},"modified":"2020-08-18T12:54:16","modified_gmt":"2020-08-18T15:54:16","slug":"cientistas-descobrem-30-novas-especies-de-invertebrados-nas-ilhas-galapagos","status":"publish","type":"post","link":"https:\/\/espacoecologico.com.br\/arquivo\/cientistas-descobrem-30-novas-especies-de-invertebrados-nas-ilhas-galapagos\/","title":{"rendered":"Cientistas descobrem 30 novas esp\u00e9cies de invertebrados nas Ilhas Gal\u00e1pagos"},"content":{"rendered":"<div class=\"mc-column content-text active-extra-styles \" data-block-type=\"unstyled\" data-block-weight=\"34\" data-block-id=\"2\">\n<p class=\"content-text__container \" data-track-category=\"Link no Texto\" data-track-links=\"\"><a href=\"https:\/\/espacoecologico.com.br\/arquivo\/wp-content\/uploads\/2020\/08\/invertebrado.jpg\"><img loading=\"lazy\" class=\"alignleft size-medium wp-image-132287\" src=\"https:\/\/espacoecologico.com.br\/arquivo\/wp-content\/uploads\/2020\/08\/invertebrado-300x192.jpg\" alt=\"\" width=\"300\" height=\"192\" srcset=\"https:\/\/espacoecologico.com.br\/arquivo\/wp-content\/uploads\/2020\/08\/invertebrado-300x192.jpg 300w, https:\/\/espacoecologico.com.br\/arquivo\/wp-content\/uploads\/2020\/08\/invertebrado.jpg 415w\" sizes=\"(max-width: 300px) 100vw, 300px\" \/><\/a>Trinta novas esp\u00e9cies de invertebrados, como lagostas e corais, foram descobertas na reserva marinha do arquip\u00e9lago equatoriano de Gal\u00e1pagos, a segunda maior do mundo, informou nesta segunda-feira (17) o Parque Nacional de Gal\u00e1pagos (PNG).<\/p>\n<\/div>\n<div class=\"wall protected-content\">\n<div class=\"mc-column content-text active-extra-styles \" data-block-type=\"unstyled\" data-block-weight=\"35\" data-block-id=\"3\">\n<p class=\"content-text__container \" data-track-category=\"Link no Texto\" data-track-links=\"\">Entre as descobertas est\u00e3o quatro esp\u00e9cies de lagostas okupa, uma de coral copa gigante, dez de corais de bambu, tr\u00eas de octocorais, uma de estrela-quebradi\u00e7a e 11 de esponjas, destacou a entidade em um comunicado.<\/p>\n<\/div>\n<div class=\"mc-column content-text active-extra-styles \" data-block-type=\"unstyled\" data-block-weight=\"31\" data-block-id=\"4\">\n<p class=\"content-text__container \" data-track-category=\"Link no Texto\" data-track-links=\"\">Tamb\u00e9m foi encontrado o primeiro coral macio solit\u00e1rio gigante conhecido no Pac\u00edfico Tropical Oriental, reportou em outro comunicado a Funda\u00e7\u00e3o Charles Darwin (FCD), que integrou as institui\u00e7\u00f5es a cargo da investiga\u00e7\u00e3o.<\/p>\n<\/div>\n<div class=\"mc-column content-text active-extra-styles \" data-block-type=\"unstyled\" data-block-weight=\"47\" data-block-id=\"6\">\n<p class=\"content-text__container \" data-track-category=\"Link no Texto\" data-track-links=\"\">&#8220;As profundezas marinhas seguem sendo a \u00faltima fronteira da Terra e este estudo permite conhecer a fundo as comunidades menos conhecidas das ilhas Gal\u00e1pagos&#8221;, disse o cientista marinho espanhol Pelayo Salinas de Le\u00f3n, da FCD e do projeto da National Geographic Pristine Seas, que dirigiu o estudo.<\/p>\n<\/div>\n<div class=\"mc-column content-text active-extra-styles \" data-block-type=\"unstyled\" data-block-weight=\"19\" data-block-id=\"7\">\n<p class=\"content-text__container \" data-track-category=\"Link no Texto\" data-track-links=\"\">As descobertas foram feitas com aparelhos submarinos controlados remotamente, que desceram a 3.400 metros de profundidade, segundo o PNG.<\/p>\n<\/div>\n<div class=\"mc-column content-text active-extra-styles \" data-block-type=\"unstyled\" data-block-weight=\"27\" data-block-id=\"8\">\n<p class=\"content-text__container \" data-track-category=\"Link no Texto\" data-track-links=\"\">A expedi\u00e7\u00e3o, realizada em 2015 e cujos resultados foram divulgados na segunda, explorou pela primeira vez tr\u00eas montanhas submarinas, situadas ao redor das ilhas Darwin e Wolf.<\/p>\n<\/div>\n<div class=\"mc-column content-text active-extra-styles \" data-block-type=\"unstyled\" data-block-weight=\"44\" data-block-id=\"10\">\n<p class=\"content-text__container \" data-track-category=\"Link no Texto\" data-track-links=\"\">&#8220;Estes montes submarinos antigos se encontram dentro da Reserva Marinha de Gal\u00e1pagos e est\u00e3o protegidos de pr\u00e1ticas humanas destrutivas como a pesca de arrastro de fundo ou a minera\u00e7\u00e3o em \u00e1guas profundas, atividades que t\u00eam efeitos catastr\u00f3ficos nestas comunidades fr\u00e1geis&#8221;, acrescentou Salinas de Le\u00f3n.<\/p>\n<\/div>\n<div class=\"mc-column content-text active-extra-styles \" data-block-type=\"unstyled\" data-block-weight=\"28\" data-block-id=\"11\">\n<p class=\"content-text__container \" data-track-category=\"Link no Texto\" data-track-links=\"\">Entre as ilhas Darwin e Wolf, no norte do arquip\u00e9lago das Gal\u00e1pagos, existe um santu\u00e1rio natural de 38 mil km2 com a maior popula\u00e7\u00e3o de tubar\u00f5es do mundo.<\/p>\n<\/div>\n<div class=\"mc-column content-text active-extra-styles \" data-block-type=\"unstyled\" data-block-weight=\"43\" data-block-id=\"12\">\n<p class=\"content-text__container \" data-track-category=\"Link no Texto\" data-track-links=\"\">O diretor do PNG, Danny Rueda, manifestou por sua vez que as profundezas da reserva marinha de Gal\u00e1pagos, com 138 mil km2, abrigam alguns dos h\u00e1bitats mais diversos que sustentam a biodiversidade das ilhas, situadas a 1 mil km da costa do Equador.<\/p>\n<\/div>\n<div data-track-category=\"multicontent\" data-track-action=\"ultimo chunk conteudo\" data-track-noninteraction=\"false\" data-track-scroll=\"view\">\n<div class=\"mc-column content-text active-extra-styles \" data-block-type=\"unstyled\" data-block-weight=\"34\" data-block-id=\"13\">\n<p class=\"content-text__container \" data-track-category=\"Link no Texto\" data-track-links=\"\">Gal\u00e1pagos tem um dos ecossistemas mais fr\u00e1geis, com flora e fauna \u00fanicas no mundo. Serviu de laborat\u00f3rio natural para o naturalista ingl\u00eas Charles Darwin, para que concebesse sua teoria sobre a evolu\u00e7\u00e3o das esp\u00e9cies.<\/p>\n<\/div>\n<\/div>\n<\/div>\n","protected":false},"excerpt":{"rendered":"<p>Trinta novas esp\u00e9cies de invertebrados, como lagostas e corais, foram descobertas na reserva marinha do<\/p>\n","protected":false},"author":2,"featured_media":132287,"comment_status":"open","ping_status":"open","sticky":false,"template":"","format":"standard","meta":[],"categories":[],"tags":[],"uagb_featured_image_src":{"full":["https:\/\/espacoecologico.com.br\/arquivo\/wp-content\/uploads\/2020\/08\/invertebrado.jpg",415,265,false],"thumbnail":["https:\/\/espacoecologico.com.br\/arquivo\/wp-content\/uploads\/2020\/08\/invertebrado-150x150.jpg",150,150,true],"medium":["https:\/\/espacoecologico.com.br\/arquivo\/wp-content\/uploads\/2020\/08\/invertebrado-300x192.jpg",300,192,true],"medium_large":["https:\/\/espacoecologico.com.br\/arquivo\/wp-content\/uploads\/2020\/08\/invertebrado.jpg",415,265,false],"large":["https:\/\/espacoecologico.com.br\/arquivo\/wp-content\/uploads\/2020\/08\/invertebrado.jpg",415,265,false],"1536x1536":["https:\/\/espacoecologico.com.br\/arquivo\/wp-content\/uploads\/2020\/08\/invertebrado.jpg",415,265,false],"2048x2048":["https:\/\/espacoecologico.com.br\/arquivo\/wp-content\/uploads\/2020\/08\/invertebrado.jpg",415,265,false],"cream-magazine-thumbnail-2":["https:\/\/espacoecologico.com.br\/arquivo\/wp-content\/uploads\/2020\/08\/invertebrado.jpg",415,265,false],"cream-magazine-thumbnail-3":["https:\/\/espacoecologico.com.br\/arquivo\/wp-content\/uploads\/2020\/08\/invertebrado.jpg",415,265,false],"cream-magazine-thumbnail-4":["https:\/\/espacoecologico.com.br\/arquivo\/wp-content\/uploads\/2020\/08\/invertebrado.jpg",415,265,false]},"uagb_author_info":{"display_name":"","author_link":"https:\/\/espacoecologico.com.br\/arquivo\/author\/"},"uagb_comment_info":0,"uagb_excerpt":"Trinta novas esp\u00e9cies de invertebrados, como lagostas e corais, foram descobertas na reserva marinha do","_links":{"self":[{"href":"https:\/\/espacoecologico.com.br\/arquivo\/wp-json\/wp\/v2\/posts\/132286"}],"collection":[{"href":"https:\/\/espacoecologico.com.br\/arquivo\/wp-json\/wp\/v2\/posts"}],"about":[{"href":"https:\/\/espacoecologico.com.br\/arquivo\/wp-json\/wp\/v2\/types\/post"}],"author":[{"embeddable":true,"href":"https:\/\/espacoecologico.com.br\/arquivo\/wp-json\/wp\/v2\/users\/2"}],"replies":[{"embeddable":true,"href":"https:\/\/espacoecologico.com.br\/arquivo\/wp-json\/wp\/v2\/comments?post=132286"}],"version-history":[{"count":0,"href":"https:\/\/espacoecologico.com.br\/arquivo\/wp-json\/wp\/v2\/posts\/132286\/revisions"}],"wp:featuredmedia":[{"embeddable":true,"href":"https:\/\/espacoecologico.com.br\/arquivo\/wp-json\/wp\/v2\/media\/132287"}],"wp:attachment":[{"href":"https:\/\/espacoecologico.com.br\/arquivo\/wp-json\/wp\/v2\/media?parent=132286"}],"wp:term":[{"taxonomy":"category","embeddable":true,"href":"https:\/\/espacoecologico.com.br\/arquivo\/wp-json\/wp\/v2\/categories?post=132286"},{"taxonomy":"post_tag","embeddable":true,"href":"https:\/\/espacoecologico.com.br\/arquivo\/wp-json\/wp\/v2\/tags?post=132286"}],"curies":[{"name":"wp","href":"https:\/\/api.w.org\/{rel}","templated":true}]}}