{"id":132283,"date":"2020-08-18T12:50:31","date_gmt":"2020-08-18T15:50:31","guid":{"rendered":"https:\/\/espacoecologico.com.br\/arquivo\/?p=132283"},"modified":"2020-08-18T12:50:31","modified_gmt":"2020-08-18T15:50:31","slug":"anvisa-autoriza-testes-de-mais-uma-vacina-contra-covid-19-no-brasil","status":"publish","type":"post","link":"https:\/\/espacoecologico.com.br\/arquivo\/anvisa-autoriza-testes-de-mais-uma-vacina-contra-covid-19-no-brasil\/","title":{"rendered":"Anvisa autoriza testes de mais uma vacina contra Covid-19 no Brasil"},"content":{"rendered":"<p><a href=\"https:\/\/espacoecologico.com.br\/arquivo\/wp-content\/uploads\/2020\/08\/vacina-2.jpg\"><img loading=\"lazy\" class=\"alignleft size-medium wp-image-132284\" src=\"https:\/\/espacoecologico.com.br\/arquivo\/wp-content\/uploads\/2020\/08\/vacina-2-300x192.jpg\" alt=\"\" width=\"300\" height=\"192\" srcset=\"https:\/\/espacoecologico.com.br\/arquivo\/wp-content\/uploads\/2020\/08\/vacina-2-300x192.jpg 300w, https:\/\/espacoecologico.com.br\/arquivo\/wp-content\/uploads\/2020\/08\/vacina-2.jpg 415w\" sizes=\"(max-width: 300px) 100vw, 300px\" \/><\/a>A Anvisa (Ag\u00eancia Nacional de Vigil\u00e2ncia Sanit\u00e1ria) autorizou, nesta ter\u00e7a-feira (18), testes de fase 3 de mais uma vacina contra a Covid-19 no Brasil: a Ad26.COV2.S, desenvolvida pela Janssen Pharmaceuticals, do grupo Johnson &amp; Johnson. Esta \u00e9 a quarta vacina a obter autoriza\u00e7\u00e3o de testes no pa\u00eds (veja detalhes mais abaixo).<\/p>\n<p>A Anvisa n\u00e3o informou a data de in\u00edcio dos testes, que depende de aprova\u00e7\u00e3o no Conselho Nacional de \u00c9tica em Pesquisa (Conep) \u2013 \u00f3rg\u00e3o do Minist\u00e9rio da Sa\u00fade respons\u00e1vel pela avalia\u00e7\u00e3o \u00e9tica de pesquisas cl\u00ednicas \u2013 e da organiza\u00e7\u00e3o dos pesquisadores para recrutamento dos volunt\u00e1rios.<\/p>\n<p>Est\u00e1 prevista a participa\u00e7\u00e3o de 7 mil pessoas, com idade m\u00ednima de 18 anos, em 7 estados: Bahia, Minas Gerais, Paran\u00e1, Rio de Janeiro, Rio Grande do Norte, Rio Grande do Sul e S\u00e3o Paulo. Ao todo, a empresa pretende testar 60 mil pessoas nesta etapa (a terceira e \u00faltima), que avalia a seguran\u00e7a e a efic\u00e1cia da vacina\u00e7\u00e3o.<\/p>\n<p>Os participantes dever\u00e3o receber uma dose \u00fanica da vacina ou um placebo (subst\u00e2ncia inativa), para servir de grupo controle. A determina\u00e7\u00e3o de quem recebe a vacina ou o placebo ser\u00e1 feita de forma aleat\u00f3ria (randomizada), e nem os volunt\u00e1rios, nem os pesquisadores saber\u00e3o quais pessoas receberam qual subst\u00e2ncia (esse tipo de estudo \u00e9 chamado de &#8220;duplo-cego&#8221;).<\/p>\n<p>As primeiras etapas (1 e 2) dos testes da vacina da Johnson come\u00e7aram em julho, nos Estados Unidos e na B\u00e9lgica. Em um estudo com macacos publicado na revista cient\u00edfica &#8220;Nature&#8221;, uma das mais importantes do mundo, cientistas disseram que a vacina da empresa protegeu os animais do Sars-CoV-2 (o novo coronav\u00edrus) com apenas uma dose.<\/p>\n<h2>Outros testes<\/h2>\n<div class=\"row medium-uncollapsed content-media content-photo\" data-block-type=\"backstage-photo\" data-block-id=\"11\">\n<div class=\"mc-column content-media__container\">\n<figure><img loading=\"lazy\" class=\"i-amphtml-fill-content i-amphtml-replaced-content\" src=\"https:\/\/s2.glbimg.com\/RFVcEaf1cCGwsxLhdEbgc2jWk0o=\/0x0:1024x683\/984x0\/smart\/filters:strip_icc()\/i.s3.glbimg.com\/v1\/AUTH_59edd422c0c84a879bd37670ae4f538a\/internal_photos\/bs\/2020\/d\/G\/Bt2AC8SJWmQibJyGlqxQ\/000-1vj9w3.jpg\" sizes=\"(max-width: 1920px) 648px, 100vw\" srcset=\"https:\/\/s2.glbimg.com\/9IDoK3sNdZ9MdhLXi4d9xxr9uvs=\/0x0:1024x683\/1000x0\/smart\/filters:strip_icc()\/i.s3.glbimg.com\/v1\/AUTH_59edd422c0c84a879bd37670ae4f538a\/internal_photos\/bs\/2020\/d\/G\/Bt2AC8SJWmQibJyGlqxQ\/000-1vj9w3.jpg 1000w, https:\/\/s2.glbimg.com\/RFVcEaf1cCGwsxLhdEbgc2jWk0o=\/0x0:1024x683\/984x0\/smart\/filters:strip_icc()\/i.s3.glbimg.com\/v1\/AUTH_59edd422c0c84a879bd37670ae4f538a\/internal_photos\/bs\/2020\/d\/G\/Bt2AC8SJWmQibJyGlqxQ\/000-1vj9w3.jpg 984w, https:\/\/s2.glbimg.com\/ql-6pFa_986hfmIplkaEZF0voVo=\/0x0:1024x683\/640x0\/smart\/filters:strip_icc()\/i.s3.glbimg.com\/v1\/AUTH_59edd422c0c84a879bd37670ae4f538a\/internal_photos\/bs\/2020\/d\/G\/Bt2AC8SJWmQibJyGlqxQ\/000-1vj9w3.jpg 640w, https:\/\/s2.glbimg.com\/xnxR87MYNXvZ7r5ss5OXm-cVOwg=\/0x0:1024x683\/600x0\/smart\/filters:strip_icc()\/i.s3.glbimg.com\/v1\/AUTH_59edd422c0c84a879bd37670ae4f538a\/internal_photos\/bs\/2020\/d\/G\/Bt2AC8SJWmQibJyGlqxQ\/000-1vj9w3.jpg 600w\" alt=\"Foto do Governo do Estado de S\u00e3o Paulo mostra volunt\u00e1ria tomando vacina experimental contra a Covid-19 da farmac\u00eautica chinesa Sinovac, que est\u00e1 sendo testada no Brasil, no dia 21 de julho, na capital paulista. \u2014 Foto: Handout \/ Governo do Estado de S\u00e3o Paulo \/ AFP\" width=\"639\" height=\"427\" \/><\/figure>\n<p class=\"content-media__description \">Foto do Governo do Estado de S\u00e3o Paulo mostra volunt\u00e1ria tomando vacina experimental contra a Covid-19 da farmac\u00eautica chinesa Sinovac, que est\u00e1 sendo testada no Brasil, no dia 21 de julho, na capital paulista. \u2014 Foto: Handout \/ Governo do Estado de S\u00e3o Paulo \/ AFP<\/p>\n<\/div>\n<\/div>\n<div class=\"mc-column content-text active-extra-styles \" data-block-type=\"unstyled\" data-block-weight=\"13\" data-block-id=\"12\">\n<p class=\"content-text__container \" data-track-category=\"Link no Texto\" data-track-links=\"\">Existem outras tr\u00eas vacinas sendo testadas em \u00faltima fase (a terceira) no Brasil:<\/p>\n<\/div>\n<div class=\"mc-column content-text active-extra-styles\" data-block-type=\"raw\" data-block-weight=\"12\" data-block-id=\"13\">\n<ol class=\"content-ordered-list theme-ordered-list-color-primary\">\n<li><a href=\"https:\/\/g1.globo.com\/bemestar\/vacina\/noticia\/2020\/08\/04\/vacina-de-oxford-para-a-covid-19-e-candidata-muito-forte-e-segura-diz-reitora-da-unifesp.ghtml\">a de Oxford<\/a>\u00a0(inglesa);<\/li>\n<li><a href=\"https:\/\/g1.globo.com\/bemestar\/vacina\/noticia\/2020\/08\/10\/testes-de-vacina-chinesa-com-600-voluntarios-mostram-seguranca-e-eficiencia-contra-a-covid-diz-estudo.ghtml\">a da Sinovac<\/a>\u00a0(chinesa);<\/li>\n<li><a href=\"https:\/\/g1.globo.com\/bemestar\/vacina\/noticia\/2020\/08\/12\/vacina-para-covid-19-da-biontech-e-pfizer-induziu-resposta-imune-robusta-mostram-resultados-preliminares-publicados-na-nature.ghtml\">a da BioNTech\/Pfizer<\/a>\u00a0(alem\u00e3\/americana).<\/li>\n<\/ol>\n<p>No in\u00edcio do m\u00eas, a <a href=\"https:\/\/g1.globo.com\/tudo-sobre\/fiocruz\/\">Fiocruz<\/a>\u00a0anunciou que pode come\u00e7ar a\u00a0<a href=\"https:\/\/g1.globo.com\/jornal-nacional\/noticia\/2020\/08\/01\/fiocruz-anuncia-que-deve-comecar-a-produzir-vacina-contra-a-covid-19-em-dezembro.ghtml\">produzir a vacina de Oxford em dezembro<\/a>. A funda\u00e7\u00e3o firmou um acordo com a AstraZeneca, farmac\u00eautica que est\u00e1 por tr\u00e1s da produ\u00e7\u00e3o, para repasse de tecnologia. Na semana passada, a Anvisa autorizou que os\u00a0<a href=\"https:\/\/g1.globo.com\/bemestar\/vacina\/noticia\/2020\/08\/10\/anvisa-aprova-segunda-dose-da-vacina-de-oxford-contra-covid-19-em-voluntarios.ghtml\">volun<\/a><a href=\"https:\/\/g1.globo.com\/bemestar\/vacina\/noticia\/2020\/08\/10\/anvisa-aprova-segunda-dose-da-vacina-de-oxford-contra-covid-19-em-voluntarios.ghtml\">t\u00e1rios recebessem a segunda dose<\/a> da vacina.<\/p>\n<\/div>\n<div class=\"mc-column content-text active-extra-styles \" data-block-type=\"unstyled\" data-block-weight=\"54\" data-block-id=\"16\">\n<p class=\"content-text__container \" data-track-category=\"Link no Texto\" data-track-links=\"\">Na semana passada, o governo de S\u00e3o Paulo anunciou que\u00a0<a href=\"https:\/\/g1.globo.com\/sp\/sao-paulo\/noticia\/2020\/08\/12\/sp-vai-receber-15-milhoes-de-doses-da-vacina-chinesa-contra-covid-19-ja-no-fim-de-2020-diz-diretor-do-butantan.ghtml\">pode receber, at\u00e9 o fim do ano, 15 milh\u00f5es de doses da vacina da Sinovac<\/a>, a &#8220;Coronavac&#8221;. A vacina tem previs\u00e3o de ser desenvolvida localmente pelo\u00a0<a href=\"https:\/\/g1.globo.com\/tudo-sobre\/instituto-butantan\/\">Instituto Butantan<\/a>, que deve receber, a partir de outubro, material para come\u00e7ar a produ\u00e7\u00e3o em solo brasileiro.<\/p>\n<\/div>\n<div class=\"mc-column content-media content-video\" data-block-type=\"backstage-video\" data-block-id=\"17\">\n<div class=\"content-media__container\">\n<div class=\"content-video__bigger-player-description-fixer\">\n<article class=\"content-video\">\n<section class=\"content-video__video-container\">\n<div class=\"content-video__video\">\n<div class=\"content-video__placeholder\" data-video-id=\"8779207\"><img loading=\"lazy\" class=\"content-video__placeholder__thumb\" title=\"Butantan admite acelerar produ\u00e7\u00e3o de vacina contra Covid-19 antes do fim dos testes\" src=\"https:\/\/s04.video.glbimg.com\/x240\/8779207.jpg\" alt=\"Butantan admite acelerar produ\u00e7\u00e3o de vacina contra Covid-19 antes do fim dos testes\" width=\"639\" height=\"359\" \/><\/div>\n<div id=\"wp3-player-2\" class=\"clappr-player\" tabindex=\"9999\" data-player=\"\">\n<div class=\"dfp-ad-overlay dfp-ad-overlay--poster-mode\">\n<div><\/div>\n<\/div>\n<div class=\"media-control media-control-hide\">\n<div class=\"media-control-panel\">\n<div class=\"media-control-panel__modal\">Butantan admite acelerar produ\u00e7\u00e3o de vacina contra Covid-19 antes do fim dos testes<\/div>\n<\/div>\n<\/div>\n<\/div>\n<\/div>\n<\/section>\n<\/article>\n<\/div>\n<\/div>\n<\/div>\n<div class=\"mc-column content-text active-extra-styles \" data-block-type=\"unstyled\" data-block-weight=\"50\" data-block-id=\"18\">\n<p class=\"content-text__container \" data-track-category=\"Link no Texto\" data-track-links=\"\">Segundo o diretor do instituto, Dimas Covas, ap\u00f3s a aprova\u00e7\u00e3o da vacina, ela ser\u00e1 entregue ao Programa Nacional de Imuniza\u00e7\u00e3o, do Minist\u00e9rio da Sa\u00fade, respons\u00e1vel pela distribui\u00e7\u00e3o e log\u00edstica para o resto do pa\u00eds. A expectativa do governo estadual \u00e9 de que\u00a0<a href=\"https:\/\/g1.globo.com\/sp\/sao-paulo\/noticia\/2020\/07\/27\/doria-diz-que-vacina-chinesa-contra-covid-19-pode-ser-liberada-em-janeiro-de-2021.ghtml\">a vacina esteja dispon\u00edvel em janeiro de 2021<\/a>.<\/p>\n<\/div>\n<div class=\"mc-column content-text active-extra-styles \" data-block-type=\"unstyled\" data-block-weight=\"67\" data-block-id=\"19\">\n<p class=\"content-text__container \" data-track-category=\"Link no Texto\" data-track-links=\"\">J\u00e1 a vacina da BioNTech\/Pfizer\u00a0<a href=\"https:\/\/g1.globo.com\/sp\/sao-paulo\/noticia\/2020\/08\/05\/vacina-contra-covid-19-da-pfizer-e-biontech-comeca-a-ser-aplicada-em-voluntarios-a-partir-desta-quarta.ghtml\">est\u00e1 sendo testada em mil volunt\u00e1rios em Salvador e S\u00e3o Paulo<\/a>. A Pfizer j\u00e1 concordou em\u00a0<a href=\"https:\/\/g1.globo.com\/bemestar\/vacina\/noticia\/2020\/07\/22\/eua-paga-quase-2-bilhoes-de-dolares-para-garantir-doses-de-potencial-vacina-afirmam-empresas.ghtml\">vender 100 milh\u00f5es de doses ao governo dos Estados Unidos<\/a>, oferecendo uma op\u00e7\u00e3o de compra de mais 500 milh\u00f5es. A empresa tamb\u00e9m est\u00e1 em negocia\u00e7\u00e3o com outros governos, inclusive com a Uni\u00e3o Europeia. O Jap\u00e3o comprou\u00a0<a href=\"https:\/\/g1.globo.com\/bemestar\/vacina\/noticia\/2020\/07\/31\/pfizer-e-biontech-fornecerao-120-milhoes-de-doses-de-vacina-contra-coronavirus-ao-japao.ghtml\">120 milh\u00f5es de doses at\u00e9 a primeira metade de 2021<\/a>.<\/p>\n<\/div>\n<div class=\"mc-column content-text active-extra-styles\" data-block-type=\"raw\" data-block-weight=\"2\" data-block-id=\"20\">\n<div class=\"content-intertitle\">\n<h2>Vacina russa<\/h2>\n<\/div>\n<\/div>\n<div class=\"mc-column content-text active-extra-styles \" data-block-type=\"unstyled\" data-block-weight=\"38\" data-block-id=\"21\">\n<p class=\"content-text__container \" data-track-category=\"Link no Texto\" data-track-links=\"\">Separadamente,\u00a0<a href=\"https:\/\/g1.globo.com\/pr\/parana\/noticia\/2020\/08\/12\/governo-do-parana-e-russia-assinam-documento-para-parceria-no-desenvolvimento-de-vacina-diz-assessoria.ghtml\">o governo do Paran\u00e1 firmou uma parceria com a R\u00fassia<\/a>\u00a0para desenvolver a vacina criada pelo pa\u00eds,\u00a0<a href=\"https:\/\/g1.globo.com\/bemestar\/vacina\/noticia\/2020\/08\/11\/putin-anuncia-que-russia-e-o-primeiro-pais-do-mundo-a-registrar-vacina-contra-o-novo-coronavirus.ghtml\">registrada na semana passada<\/a> (a primeira no mundo). Nenhum teste cl\u00ednico da imuniza\u00e7\u00e3o foi, entretanto, aprovado pela Anvisa at\u00e9 agora.<\/p>\n<\/div>\n<div class=\"mc-column content-text active-extra-styles \" data-block-type=\"unstyled\" data-block-weight=\"23\" data-block-id=\"23\">\n<p class=\"content-text__container \" data-track-category=\"Link no Texto\" data-track-links=\"\">O estado\u00a0<a href=\"https:\/\/g1.globo.com\/pr\/parana\/noticia\/2020\/08\/17\/parana-cria-comite-para-coordenar-parcerias-com-russia-e-china-no-desenvolvimento-de-vacinas-contra-o-coronavirus.ghtml\">criou um comit\u00ea\u00a0<\/a>para discutir a\u00e7\u00f5es envolvendo as parcerias firmadas com R\u00fassia e China, al\u00e9m de buscar outras pesquisas em desenvolvimento.<\/p>\n<\/div>\n<div class=\"mc-column content-text active-extra-styles \" data-block-type=\"unstyled\" data-block-weight=\"47\" data-block-id=\"24\">\n<p class=\"content-text__container \" data-track-category=\"Link no Texto\" data-track-links=\"\">De acordo com o Instituto de Tecnologia do Paran\u00e1, \u00e9 poss\u00edvel que a produ\u00e7\u00e3o das doses comece a partir do segundo semestre de 2021. O governo do estado disse que n\u00e3o descarta a possibilidade de importar a vacina russa e n\u00e3o produzi-la, caso a efic\u00e1cia seja comprovada.<\/p>\n<\/div>\n<div class=\"mc-column content-text active-extra-styles \" data-block-type=\"unstyled\" data-block-weight=\"30\" data-block-id=\"25\">\n<p class=\"content-text__container \" data-track-category=\"Link no Texto\" data-track-links=\"\">Al\u00e9m do Paran\u00e1, o estado de S\u00e3o Paulo tamb\u00e9m afirmou que foi procurado pelo governo russo para firmar uma parceria, mas\u00a0<a href=\"https:\/\/g1.globo.com\/sp\/sao-paulo\/noticia\/2020\/07\/29\/governo-de-sp-diz-que-russia-procurou-estado-para-fazer-parceria-na-producao-de-vacina-com-registro-previsto-para-agosto.ghtml\">n\u00e3o fechou nem descartou um acordo com o pa\u00eds<\/a>.<\/p>\n<\/div>\n<div class=\"mc-column content-text active-extra-styles \" data-block-type=\"unstyled\" data-block-weight=\"36\" data-block-id=\"26\">\n<p class=\"content-text__container \" data-track-category=\"Link no Texto\" data-track-links=\"\">A vacina russa levantou desconfian\u00e7a na comunidade internacional, porque o pa\u00eds n\u00e3o publicou estudos com os resultados dos testes. A R\u00fassia rejeitou as preocupa\u00e7\u00f5es e\u00a0<a href=\"https:\/\/g1.globo.com\/bemestar\/coronavirus\/noticia\/2020\/08\/12\/russia-diz-que-medicos-serao-vacinados-contra-covid-19-em-2-semanas-e-rejeita-preocupacoes-com-seguranca.ghtml\">anunciou que come\u00e7aria a vacinar os m\u00e9dicos<\/a> do pa\u00eds em breve.<\/p>\n<\/div>\n<div class=\"mc-column content-text active-extra-styles\" data-block-type=\"raw\" data-block-weight=\"3\" data-block-id=\"27\">\n<div class=\"content-intertitle\">\n<h2>Parcerias com Sinopharm<\/h2>\n<\/div>\n<\/div>\n<div class=\"mc-column content-text active-extra-styles \" data-block-type=\"unstyled\" data-block-weight=\"29\" data-block-id=\"28\">\n<p class=\"content-text__container \" data-track-category=\"Link no Texto\" data-track-links=\"\">O governo do Paran\u00e1 tamb\u00e9m assinou, no fim de julho, um acordo para testes de fase 3\u00a0<a href=\"https:\/\/g1.globo.com\/bemestar\/vacina\/noticia\/2020\/07\/29\/vacina-da-chinesa-sinopharm-contra-a-covid-19-sera-a-4a-a-entrar-em-testes-no-brasil.ghtml\">com a chinesa Sinopharm<\/a>. O ensaio ainda n\u00e3o foi autorizado pela Anvisa.<\/p>\n<\/div>\n<div class=\"mc-column content-text active-extra-styles \" data-block-type=\"unstyled\" data-block-weight=\"31\" data-block-id=\"29\">\n<p class=\"content-text__container \" data-track-category=\"Link no Texto\" data-track-links=\"\">Na semana passada,\u00a0<a href=\"https:\/\/g1.globo.com\/ba\/bahia\/noticia\/2020\/08\/14\/governo-da-bahia-assina-protocolo-para-desenvolver-vacina-contra-a-covid-19-da-da-chinesa-sinopharm.ghtml\">o governo da Bahia tamb\u00e9m anunciou uma parceria com a Sinopharm<\/a>\u00a0para os testes de fase 3. Esses ensaios tamb\u00e9m n\u00e3o t\u00eam, por enquanto, autoriza\u00e7\u00e3o da ag\u00eancia.<\/p>\n<\/div>\n<div class=\"mc-column content-text active-extra-styles \" data-block-type=\"unstyled\" data-block-weight=\"22\" data-block-id=\"30\">\n<p class=\"content-text__container \" data-track-category=\"Link no Texto\" data-track-links=\"\">Resultados publicados tamb\u00e9m na semana passada apontam que\u00a0<a href=\"https:\/\/g1.globo.com\/bemestar\/vacina\/noticia\/2020\/08\/14\/vacina-contra-a-covid-19-da-chinesa-sinopharm-gerou-anticorpos-em-fase-inicial-de-testes-em-humanos.ghtml\">a vacina da Sinopharm induziu a produ\u00e7\u00e3o de anticorpos<\/a>\u00a0em testes iniciais em humanos.<\/p>\n<\/div>\n","protected":false},"excerpt":{"rendered":"<p>A Anvisa (Ag\u00eancia Nacional de Vigil\u00e2ncia Sanit\u00e1ria) autorizou, nesta ter\u00e7a-feira (18), testes de fase 3<\/p>\n","protected":false},"author":2,"featured_media":132284,"comment_status":"open","ping_status":"open","sticky":false,"template":"","format":"standard","meta":[],"categories":[],"tags":[],"uagb_featured_image_src":{"full":["https:\/\/espacoecologico.com.br\/arquivo\/wp-content\/uploads\/2020\/08\/vacina-2.jpg",415,265,false],"thumbnail":["https:\/\/espacoecologico.com.br\/arquivo\/wp-content\/uploads\/2020\/08\/vacina-2-150x150.jpg",150,150,true],"medium":["https:\/\/espacoecologico.com.br\/arquivo\/wp-content\/uploads\/2020\/08\/vacina-2-300x192.jpg",300,192,true],"medium_large":["https:\/\/espacoecologico.com.br\/arquivo\/wp-content\/uploads\/2020\/08\/vacina-2.jpg",415,265,false],"large":["https:\/\/espacoecologico.com.br\/arquivo\/wp-content\/uploads\/2020\/08\/vacina-2.jpg",415,265,false],"1536x1536":["https:\/\/espacoecologico.com.br\/arquivo\/wp-content\/uploads\/2020\/08\/vacina-2.jpg",415,265,false],"2048x2048":["https:\/\/espacoecologico.com.br\/arquivo\/wp-content\/uploads\/2020\/08\/vacina-2.jpg",415,265,false],"cream-magazine-thumbnail-2":["https:\/\/espacoecologico.com.br\/arquivo\/wp-content\/uploads\/2020\/08\/vacina-2.jpg",415,265,false],"cream-magazine-thumbnail-3":["https:\/\/espacoecologico.com.br\/arquivo\/wp-content\/uploads\/2020\/08\/vacina-2.jpg",415,265,false],"cream-magazine-thumbnail-4":["https:\/\/espacoecologico.com.br\/arquivo\/wp-content\/uploads\/2020\/08\/vacina-2.jpg",415,265,false]},"uagb_author_info":{"display_name":"","author_link":"https:\/\/espacoecologico.com.br\/arquivo\/author\/"},"uagb_comment_info":0,"uagb_excerpt":"A Anvisa (Ag\u00eancia Nacional de Vigil\u00e2ncia Sanit\u00e1ria) autorizou, nesta ter\u00e7a-feira (18), testes de fase 3","_links":{"self":[{"href":"https:\/\/espacoecologico.com.br\/arquivo\/wp-json\/wp\/v2\/posts\/132283"}],"collection":[{"href":"https:\/\/espacoecologico.com.br\/arquivo\/wp-json\/wp\/v2\/posts"}],"about":[{"href":"https:\/\/espacoecologico.com.br\/arquivo\/wp-json\/wp\/v2\/types\/post"}],"author":[{"embeddable":true,"href":"https:\/\/espacoecologico.com.br\/arquivo\/wp-json\/wp\/v2\/users\/2"}],"replies":[{"embeddable":true,"href":"https:\/\/espacoecologico.com.br\/arquivo\/wp-json\/wp\/v2\/comments?post=132283"}],"version-history":[{"count":0,"href":"https:\/\/espacoecologico.com.br\/arquivo\/wp-json\/wp\/v2\/posts\/132283\/revisions"}],"wp:featuredmedia":[{"embeddable":true,"href":"https:\/\/espacoecologico.com.br\/arquivo\/wp-json\/wp\/v2\/media\/132284"}],"wp:attachment":[{"href":"https:\/\/espacoecologico.com.br\/arquivo\/wp-json\/wp\/v2\/media?parent=132283"}],"wp:term":[{"taxonomy":"category","embeddable":true,"href":"https:\/\/espacoecologico.com.br\/arquivo\/wp-json\/wp\/v2\/categories?post=132283"},{"taxonomy":"post_tag","embeddable":true,"href":"https:\/\/espacoecologico.com.br\/arquivo\/wp-json\/wp\/v2\/tags?post=132283"}],"curies":[{"name":"wp","href":"https:\/\/api.w.org\/{rel}","templated":true}]}}