{"id":132270,"date":"2020-08-18T07:00:53","date_gmt":"2020-08-18T10:00:53","guid":{"rendered":"https:\/\/espacoecologico.com.br\/arquivo\/?p=132270"},"modified":"2020-08-18T12:39:55","modified_gmt":"2020-08-18T15:39:55","slug":"desapego-moda-sustentavel-e-economia-circular-ganham-mais-forca-em-tempos-de-pandemia","status":"publish","type":"post","link":"https:\/\/espacoecologico.com.br\/arquivo\/desapego-moda-sustentavel-e-economia-circular-ganham-mais-forca-em-tempos-de-pandemia\/","title":{"rendered":"Desapego, moda sustent\u00e1vel e economia circular ganham mais for\u00e7a em tempos de pandemia"},"content":{"rendered":"<p><a href=\"https:\/\/espacoecologico.com.br\/arquivo\/wp-content\/uploads\/2020\/08\/brecho.jpg\"><img loading=\"lazy\" class=\"alignleft size-medium wp-image-132279\" src=\"https:\/\/espacoecologico.com.br\/arquivo\/wp-content\/uploads\/2020\/08\/brecho-300x192.jpg\" alt=\"\" width=\"300\" height=\"192\" srcset=\"https:\/\/espacoecologico.com.br\/arquivo\/wp-content\/uploads\/2020\/08\/brecho-300x192.jpg 300w, https:\/\/espacoecologico.com.br\/arquivo\/wp-content\/uploads\/2020\/08\/brecho.jpg 415w\" sizes=\"(max-width: 300px) 100vw, 300px\" \/><\/a>Com mais tempo dentro de casa, muita gente aproveitou a deixa para, literalmente, fazer a limpa nos arm\u00e1rios. Um verdadeiro bota-fora. Os motivos s\u00e3o variados \u2014 de n\u00e3o caber mais nas roupas a s\u00f3 querer desapegar mesmo. O movimento por uma moda mais sustent\u00e1vel s\u00f3 cresce, ensinando as pessoas a darem valor ao que \u00e9 essencial. Brech\u00f3s f\u00edsicos, virtuais e grupos de vendas pelo WhatsApp t\u00eam atra\u00eddo cada vez mais gente interessada em pe\u00e7as usadas e novas a pre\u00e7os reduzidos. De todos os tipos, eles podem ser voltados para v\u00e1rios segmentos do mundo fashion, incluindo o de luxo.<\/p>\n<div class=\"block block--advertising block--advertising-inside\">\n<div class=\"block__advertising\">\n<div class=\"block__advertising-content\">\n<div id=\"pub-retangulo-1\" class=\"advertising advertising--retangulo advertising--loaded\" data-oglobo-advertising-format=\"retangulo\" data-oglobo-advertising-index=\"1\" data-google-query-id=\"CNToyuOvo-sCFaoAuQYdn1MKFw\">\n<div id=\"google_ads_iframe_\/85042905\/info.web.oglobo\/rio\/bairros\/materia_3__container__\"><\/div>\n<\/div>\n<\/div>\n<\/div>\n<\/div>\n<figure class=\"article__picture article__picture--vertical\"><img loading=\"lazy\" class=\"article__picture-image image--loaded\" src=\"https:\/\/ogimg.infoglobo.com.br\/in\/24587501-540-049\/FT450A\/xraquel-fejgiel-_-foto-3.jpg.pagespeed.ic.SsJ3QNmUmo.jpg\" alt=\"A jornalista Raquel Fejgiel: limpa nos arm\u00e1rios Foto: Divulga\u00e7\u00e3o\" width=\"638\" height=\"1049\" data-src=\"https:\/\/ogimg.infoglobo.com.br\/in\/24587501-540-049\/FT450A\/xraquel-fejgiel-_-foto-3.jpg.pagespeed.ic.SsJ3QNmUmo.jpg\" \/><figcaption class=\"article__picture-caption\">A jornalista Raquel Fejgiel: limpa nos arm\u00e1rios Foto: Divulga\u00e7\u00e3o<\/figcaption><\/figure>\n<p>Moradora de Copacabana, a jornalista Raquel Fejgiel conta que a sua rela\u00e7\u00e3o com brech\u00f3s e com a economia circular n\u00e3o \u00e9 de hoje, mas que ganhou ainda mais impulso nesses tempos de pandemia. Ela selecionou pe\u00e7as e mais pe\u00e7as para venda. Com o valor que recebe, investe em novos objetos do desejo.<\/p>\n<p>\u2014 Separei algumas pe\u00e7as das quais jamais pensei em me desfazer e coloquei para vender. Com a pandemia, para fazer uma renda extra, precisei movimentar meu \u201cneg\u00f3cio\u201d de roupas usadas. Para atrair os clientes, reduzi o valor de alguns itens que j\u00e1 estavam \u00e0 venda. Ao mesmo tempo, ao olhar em sites e perfis de venda de produtos, percebi que havia v\u00e1rias pessoas vendendo roupas at\u00e9 com etiqueta e negociando valores de bolsas com o argumento de que precisavam fazer um dinheiro por fora \u2014 diz.<\/p>\n<p>Na opini\u00e3o de Raquel, quem est\u00e1 com dinheiro agora pode aproveitar \u00f3timas oportunidades de compra.<\/p>\n<p>\u2014 Por trabalhar com moda, sempre tive contato com muitas marcas. A vontade de ter muitas roupas, bolsas e sapatos \u00e9 grande, mas, al\u00e9m de n\u00e3o ter muito espa\u00e7o no guarda-roupa em casa, eu pensava muito nos altos valores gastos em pe\u00e7as novas, vindo direto das lojas. Foi a\u00ed que comecei a me aventurar na compra e venda de pe\u00e7as usadas. Sempre gostei de garimpar em brech\u00f3s pelo mundo e comecei a montar um guarda-roupa que tem 60% das pe\u00e7as de segunda m\u00e3o \u2014 conta Raquel, que costuma postar alguns desapegos nos stories de sua conta no Instagram (@quelpf).<\/p>\n<p>Dona do brech\u00f3 virtual Deixe-me Ir (Instagram @deixe.me. ir e site www.deixemeir.com), Monica Bernardes vende roupas e acess\u00f3rios novos e seminovos de grifes como Louis Vuitton, Herm\u00e8s, Dior e Diane von Furstenberg, al\u00e9m de marcas nacionais como Cris Barros, Andrea Marques e Lenny Niemeyer. Ela confessa que no come\u00e7o da pandemia sentiu um baque nas vendas e no volume de pe\u00e7as que s\u00e3o entregues por suas fornecedoras. Mas depois veio a surpresa.<\/p>\n<p>\u2014 Junho foi o melhor de todos os meses desde que comecei a trabalhar com o Deixe-me Ir, h\u00e1 dois anos. Foi impressionante. Recebi um volume de pe\u00e7as bem grande. Pintou at\u00e9 secador de cabelos \u2014conta Monica, que separou um dos quartos de seu apartamento, em S\u00e3o Conrado, para guardar o acervo.<\/p>\n<p>Sobre pre\u00e7os, ela diz que tamb\u00e9m sentiu diferen\u00e7a:<\/p>\n<p>\u2014 Tive que reduzir valores, porque as lojas est\u00e3o oferecendo muitas promo\u00e7\u00f5es. Senti essa press\u00e3o. Outra percep\u00e7\u00e3o foi a de que, apesar de as pessoas n\u00e3o estarem saindo, elas n\u00e3o querem perder a oportunidade de realizar boas compras. A pandemia acelerou um movimento que j\u00e1 vinha acontecendo.<\/p>\n<p>Monica acrescenta que a higiene \u00e9 uma preocupa\u00e7\u00e3o dela e tamb\u00e9m das clientes.<\/p>\n<p>\u2014 Sempre fui muito rigorosa com isso, e agora sou mais do que nunca. Tudo o que recebo \u00e9 lavado e muito bem higienizado \u2014assegura.<\/p>\n<h3 align=\"justify\">Nas araras, mix entre pe\u00e7as usadas e outras com etiquetas<\/h3>\n<p>No Meu Brech\u00f3 Itinerante (@meu_brecho_itinerante), na Rua Humait\u00e1 71, Chris Solon atende uma cliente de cada vez, conforme avisa uma placa colocada por ela logo na entrada. Na \u00faltima quinta-feira, a figurinista Juliana Ibarra esteve por l\u00e1 para conferir as novidades.<\/p>\n<figure class=\"article__picture article__picture--horizontal\"><img loading=\"lazy\" class=\"article__picture-image image--loaded\" src=\"https:\/\/ogimg.infoglobo.com.br\/in\/24587443-635-486\/FT1086A\/652\/xMeu-Brecho-Itinerante..png.pagespeed.ic.u1WXL1u_qc.jpg\" alt=\"Meu Brech\u00f3 Itinerante. A cliente Juliana Ibarra (\u00e0 esquerda) e Chris Solon: novos tempos para comprar e vender Foto: Divulga\u00e7\u00e3o\" width=\"640\" height=\"384\" data-src=\"https:\/\/ogimg.infoglobo.com.br\/in\/24587443-635-486\/FT1086A\/652\/xMeu-Brecho-Itinerante..png.pagespeed.ic.u1WXL1u_qc.jpg\" \/><figcaption class=\"article__picture-caption\">Meu Brech\u00f3 Itinerante. A cliente Juliana Ibarra (\u00e0 esquerda) e Chris Solon: novos tempos para comprar e vender Foto: Divulga\u00e7\u00e3o<\/figcaption><\/figure>\n<p>\u2014 As pessoas engordaram e emagreceram muito tamb\u00e9m. A pandemia mexeu muito com todo mundo. O movimento de compra est\u00e1 voltando aos poucos. Por outro lado, n\u00e3o tenho mais espa\u00e7o para guardar as pe\u00e7as que chegam. Decidi receber novas pe\u00e7as em consigna\u00e7\u00e3o s\u00f3 a partir do ano que vem \u2014 conta Chris.<\/p>\n<p>Para Sandra Tolentino, consultora de moda e estilo, com forma\u00e7\u00e3o em Design de Moda e Styling pelo IED Rio, o isolamento nos mostrou o quanto precisamos de pouco. Na opini\u00e3o dela, a ideia de adquirir um produto usado ganhou status de cool e original, mas j\u00e1 h\u00e1 algum tempo. O per\u00edodo de pandemia s\u00f3 potencializou uma tend\u00eancia que vem se firmando nos \u00faltimos tempos.<\/p>\n<p>\u2014 Aquilo que n\u00e3o serve mais para voc\u00ea pode fazer a diferen\u00e7a em outro arm\u00e1rio. O autoconhecimento \u00e9 um grande aliado nesse processo. As compras baseadas em prop\u00f3sito e que sejam dur\u00e1veis nunca fizeram tanto sentido. O termo\u00a0<em>slow<\/em> reaparece como uma luz no fim do t\u00fanel, e o planeta nos cobra diariamente uma forma de conter esse ciclo que polui, superlota os aterros e lix\u00f5es. Em muitos casos n\u00e3o h\u00e1 reciclagem. Por isso, a moda \u00e9 uma das ind\u00fastrias mais poluentes do mundo \u2014 diz a consultora.<\/p>\n<figure class=\"article__picture article__picture--horizontal\"><img loading=\"lazy\" class=\"article__picture-image image--loaded\" src=\"https:\/\/ogimg.infoglobo.com.br\/in\/24587649-3af-9e8\/FT1086A\/652\/ximage0-1.jpeg.jpg.pagespeed.ic.YSs7WZHHjd.jpg\" alt=\"Sandra Tolentino exibe bolsa Pucci de segunda m\u00e3o Foto: Divulga\u00e7\u00e3o\" width=\"641\" height=\"385\" data-src=\"https:\/\/ogimg.infoglobo.com.br\/in\/24587649-3af-9e8\/FT1086A\/652\/ximage0-1.jpeg.jpg.pagespeed.ic.YSs7WZHHjd.jpg\" \/><figcaption class=\"article__picture-caption\">Sandra Tolentino exibe bolsa Pucci de segunda m\u00e3o Foto: Divulga\u00e7\u00e3o<\/figcaption><\/figure>\n<p>Sandra conta que sempre fica atenta a oportunidades em brech\u00f3s. Ela tem pe\u00e7as de grifes nacionais e internacionais adquiridas de segunda m\u00e3o, como uma bolsa Pucci comprada em junho por um valor muito abaixo do que o pago nas lojas da marca.<\/p>\n<p>\u2014 Meu trabalho como consultora de imagem vem ao encontro desta filosofia, orientar as clientes a terem um arm\u00e1rio condizente com sua imagem pessoal. O excesso n\u00e3o traz a assertividade de que tanto precisamos em nosso dia a dia. Oriento sempre minhas clientes, depois de uma das etapas da consultoria, a separar algumas pe\u00e7as para doa\u00e7\u00f5es e outras para brech\u00f3s \u2014 diz.<\/p>\n<p>O brech\u00f3 Anexo Vintage (@brechoanexovintage) reabrir\u00e1 as portas no dia 1\u00ba de setembro, no 1\u00ba piso do Shopping da G\u00e1vea. As bolsas de grife s\u00e3o o carro-chefe do neg\u00f3cio comandado por Lila Studart e pela ex-modelo Carla P\u00e1dua.<\/p>\n<p>\u2014 Recebemos um volume de pe\u00e7as 20% maior do que o que chegava normalmente. As pessoas fizeram verdadeiras limpas nos seus arm\u00e1rios. Tudo o que recebemos t\u00eam ficado em quarentena. Al\u00e9m disso, teremos que fazer um rod\u00edzio na loja, porque n\u00e3o temos espa\u00e7o para expor tudo \u2014 diz Lila.<\/p>\n<p>A larga experi\u00eancia no varejo e uma ampla rede de clientes levaram Francis Murucci a seguir seu pr\u00f3prio caminho e abrir uma loja na Galeria Fiamma, em Ipanema, bairro onde trabalhou durante anos como gerente da extinta Mara Mac. A proposta da Art Francis \u00e9 atender a diversos perfis de mulheres, fazendo um mix entre pe\u00e7as novas e seminovas.<\/p>\n<p>\u2014 Mesmo em tempos dif\u00edceis, acredito numa loja com v\u00e1rios segmentos de produtos, incluindo pe\u00e7as seminovas, muitas ainda com etiquetas, de marcas como A.Brand, Animale, Cris Barros e Mara Mac. Outra aposta ser\u00e1 apresentar uma nova marca de produtos, a Simples, criada pelos estilistas Luciano Canale e Isabela Dreux \u2014 diz.<\/p>\n","protected":false},"excerpt":{"rendered":"<p>Com mais tempo dentro de casa, muita gente aproveitou a deixa para, literalmente, fazer a<\/p>\n","protected":false},"author":2,"featured_media":132279,"comment_status":"open","ping_status":"open","sticky":false,"template":"","format":"standard","meta":[],"categories":[],"tags":[],"uagb_featured_image_src":{"full":["https:\/\/espacoecologico.com.br\/arquivo\/wp-content\/uploads\/2020\/08\/brecho.jpg",415,265,false],"thumbnail":["https:\/\/espacoecologico.com.br\/arquivo\/wp-content\/uploads\/2020\/08\/brecho-150x150.jpg",150,150,true],"medium":["https:\/\/espacoecologico.com.br\/arquivo\/wp-content\/uploads\/2020\/08\/brecho-300x192.jpg",300,192,true],"medium_large":["https:\/\/espacoecologico.com.br\/arquivo\/wp-content\/uploads\/2020\/08\/brecho.jpg",415,265,false],"large":["https:\/\/espacoecologico.com.br\/arquivo\/wp-content\/uploads\/2020\/08\/brecho.jpg",415,265,false],"1536x1536":["https:\/\/espacoecologico.com.br\/arquivo\/wp-content\/uploads\/2020\/08\/brecho.jpg",415,265,false],"2048x2048":["https:\/\/espacoecologico.com.br\/arquivo\/wp-content\/uploads\/2020\/08\/brecho.jpg",415,265,false],"cream-magazine-thumbnail-2":["https:\/\/espacoecologico.com.br\/arquivo\/wp-content\/uploads\/2020\/08\/brecho.jpg",415,265,false],"cream-magazine-thumbnail-3":["https:\/\/espacoecologico.com.br\/arquivo\/wp-content\/uploads\/2020\/08\/brecho.jpg",415,265,false],"cream-magazine-thumbnail-4":["https:\/\/espacoecologico.com.br\/arquivo\/wp-content\/uploads\/2020\/08\/brecho.jpg",415,265,false]},"uagb_author_info":{"display_name":"","author_link":"https:\/\/espacoecologico.com.br\/arquivo\/author\/"},"uagb_comment_info":0,"uagb_excerpt":"Com mais tempo dentro de casa, muita gente aproveitou a deixa para, literalmente, fazer a","_links":{"self":[{"href":"https:\/\/espacoecologico.com.br\/arquivo\/wp-json\/wp\/v2\/posts\/132270"}],"collection":[{"href":"https:\/\/espacoecologico.com.br\/arquivo\/wp-json\/wp\/v2\/posts"}],"about":[{"href":"https:\/\/espacoecologico.com.br\/arquivo\/wp-json\/wp\/v2\/types\/post"}],"author":[{"embeddable":true,"href":"https:\/\/espacoecologico.com.br\/arquivo\/wp-json\/wp\/v2\/users\/2"}],"replies":[{"embeddable":true,"href":"https:\/\/espacoecologico.com.br\/arquivo\/wp-json\/wp\/v2\/comments?post=132270"}],"version-history":[{"count":0,"href":"https:\/\/espacoecologico.com.br\/arquivo\/wp-json\/wp\/v2\/posts\/132270\/revisions"}],"wp:featuredmedia":[{"embeddable":true,"href":"https:\/\/espacoecologico.com.br\/arquivo\/wp-json\/wp\/v2\/media\/132279"}],"wp:attachment":[{"href":"https:\/\/espacoecologico.com.br\/arquivo\/wp-json\/wp\/v2\/media?parent=132270"}],"wp:term":[{"taxonomy":"category","embeddable":true,"href":"https:\/\/espacoecologico.com.br\/arquivo\/wp-json\/wp\/v2\/categories?post=132270"},{"taxonomy":"post_tag","embeddable":true,"href":"https:\/\/espacoecologico.com.br\/arquivo\/wp-json\/wp\/v2\/tags?post=132270"}],"curies":[{"name":"wp","href":"https:\/\/api.w.org\/{rel}","templated":true}]}}