{"id":132249,"date":"2020-08-17T14:00:09","date_gmt":"2020-08-17T17:00:09","guid":{"rendered":"https:\/\/espacoecologico.com.br\/arquivo\/?p=132249"},"modified":"2020-08-17T10:25:18","modified_gmt":"2020-08-17T13:25:18","slug":"estudo-americano-diz-que-obesidade-faz-cerebro-diminuir-e-aumenta-risco-de-alzheimer","status":"publish","type":"post","link":"https:\/\/espacoecologico.com.br\/arquivo\/estudo-americano-diz-que-obesidade-faz-cerebro-diminuir-e-aumenta-risco-de-alzheimer\/","title":{"rendered":"Estudo americano diz que obesidade faz c\u00e9rebro diminuir e aumenta risco de Alzheimer"},"content":{"rendered":"<p><a href=\"https:\/\/espacoecologico.com.br\/arquivo\/wp-content\/uploads\/2020\/08\/obesidade.jpg\"><img loading=\"lazy\" class=\"alignleft size-medium wp-image-132250\" src=\"https:\/\/espacoecologico.com.br\/arquivo\/wp-content\/uploads\/2020\/08\/obesidade-300x192.jpg\" alt=\"\" width=\"300\" height=\"192\" srcset=\"https:\/\/espacoecologico.com.br\/arquivo\/wp-content\/uploads\/2020\/08\/obesidade-300x192.jpg 300w, https:\/\/espacoecologico.com.br\/arquivo\/wp-content\/uploads\/2020\/08\/obesidade.jpg 415w\" sizes=\"(max-width: 300px) 100vw, 300px\" \/><\/a>Um estudo desenvolvido por especialistas em sa\u00fade na Calif\u00f3rnia, nos Estados Unidos, revelou que metade dos adultos americanos est\u00e1 acima do peso ou s\u00e3o obesos. Apesar de o peso corporal excessivo estar, muitas vezes, relacionado a uma s\u00e9rie de problemas de sa\u00fade graves, como diabetes e doen\u00e7as card\u00edacas, uma nova pesquisa mostra que tamb\u00e9m pode reduzir o fluxo sangu\u00edneo para o c\u00e9rebro. Em um artigo publicado pelo &#8220;<a href=\"https:\/\/content.iospress.com\/articles\/journal-of-alzheimers-disease\/jad200655\" target=\"_blank\" rel=\"noopener noreferrer\">Journal of Alzheimer\u2019s Disease<\/a>&#8220;, um di\u00e1rio especializado no assunto, pesquisadores alertam que isso pode colocar indiv\u00edduos com excesso de peso em grande risco para a doen\u00e7a de Alzheimer.<\/p>\n<p>Foram analisados o fluxo sangu\u00edneo cerebral em 17.721 adultos, que tinham entre 18 e 94 anos. Para fazer isso, os pesquisadores usaram uma t\u00e9cnica de imagem cerebral conhecida como tomografia computadorizada por emiss\u00e3o de f\u00f3ton \u00fanico (SPECT). Essas descobertas t\u00eam implica\u00e7\u00f5es importantes para dist\u00farbios de aprendizagem e mem\u00f3ria, como a doen\u00e7a de Alzheimer.<\/p>\n<p>&#8220;Uma das li\u00e7\u00f5es mais importantes que aprendemos ao longo de 30 anos de realiza\u00e7\u00e3o de estudos de imagens cerebrais funcionais \u00e9 que os c\u00e9rebros podem ser melhorados quando voc\u00ea os coloca em um ambiente de cura, adotando h\u00e1bitos saud\u00e1veis \u200b\u200bpara o c\u00e9rebro, como uma dieta saud\u00e1vel em calorias e regular exerc\u00edcio \u201d, disse o autor principal da pesquisa, Dr. George Amen, em um comunicado \u00e0 imprensa.<\/p>\n<p>Segundo o artigo divulgado, o baixo fluxo sangu\u00edneo cerebral \u00e9 um forte indicador de futuros casos da doen\u00e7a. Tamb\u00e9m foram encontradas liga\u00e7\u00f5es particularmente fortes entre o peso corporal e o fluxo sangu\u00edneo em v\u00e1rias regi\u00f5es do c\u00e9rebro conhecidas por serem afetadas pela doen\u00e7a de Alzheimer. Essas \u00e1reas incluem os lobos temporais e parietais, hipocampo, giro cingulado posterior e pr\u00e9-cuneiforme.<\/p>\n<p>O Alzheimer \u00e9 a forma mais comum de dem\u00eancia, segundo os Centros de Controle e Preven\u00e7\u00e3o de Doen\u00e7as. Os sintomas geralmente aparecem ap\u00f3s os 60 anos e os riscos aumentam conforme voc\u00ea envelhece. O CDC acrescenta que quase 43% dos americanos adultos com mais de 60 anos s\u00e3o obesos.<\/p>\n","protected":false},"excerpt":{"rendered":"<p>Um estudo desenvolvido por especialistas em sa\u00fade na Calif\u00f3rnia, nos Estados Unidos, revelou que metade<\/p>\n","protected":false},"author":2,"featured_media":132250,"comment_status":"open","ping_status":"open","sticky":false,"template":"","format":"standard","meta":[],"categories":[],"tags":[],"uagb_featured_image_src":{"full":["https:\/\/espacoecologico.com.br\/arquivo\/wp-content\/uploads\/2020\/08\/obesidade.jpg",415,265,false],"thumbnail":["https:\/\/espacoecologico.com.br\/arquivo\/wp-content\/uploads\/2020\/08\/obesidade-150x150.jpg",150,150,true],"medium":["https:\/\/espacoecologico.com.br\/arquivo\/wp-content\/uploads\/2020\/08\/obesidade-300x192.jpg",300,192,true],"medium_large":["https:\/\/espacoecologico.com.br\/arquivo\/wp-content\/uploads\/2020\/08\/obesidade.jpg",415,265,false],"large":["https:\/\/espacoecologico.com.br\/arquivo\/wp-content\/uploads\/2020\/08\/obesidade.jpg",415,265,false],"1536x1536":["https:\/\/espacoecologico.com.br\/arquivo\/wp-content\/uploads\/2020\/08\/obesidade.jpg",415,265,false],"2048x2048":["https:\/\/espacoecologico.com.br\/arquivo\/wp-content\/uploads\/2020\/08\/obesidade.jpg",415,265,false],"cream-magazine-thumbnail-2":["https:\/\/espacoecologico.com.br\/arquivo\/wp-content\/uploads\/2020\/08\/obesidade.jpg",415,265,false],"cream-magazine-thumbnail-3":["https:\/\/espacoecologico.com.br\/arquivo\/wp-content\/uploads\/2020\/08\/obesidade.jpg",415,265,false],"cream-magazine-thumbnail-4":["https:\/\/espacoecologico.com.br\/arquivo\/wp-content\/uploads\/2020\/08\/obesidade.jpg",415,265,false]},"uagb_author_info":{"display_name":"","author_link":"https:\/\/espacoecologico.com.br\/arquivo\/author\/"},"uagb_comment_info":0,"uagb_excerpt":"Um estudo desenvolvido por especialistas em sa\u00fade na Calif\u00f3rnia, nos Estados Unidos, revelou que metade","_links":{"self":[{"href":"https:\/\/espacoecologico.com.br\/arquivo\/wp-json\/wp\/v2\/posts\/132249"}],"collection":[{"href":"https:\/\/espacoecologico.com.br\/arquivo\/wp-json\/wp\/v2\/posts"}],"about":[{"href":"https:\/\/espacoecologico.com.br\/arquivo\/wp-json\/wp\/v2\/types\/post"}],"author":[{"embeddable":true,"href":"https:\/\/espacoecologico.com.br\/arquivo\/wp-json\/wp\/v2\/users\/2"}],"replies":[{"embeddable":true,"href":"https:\/\/espacoecologico.com.br\/arquivo\/wp-json\/wp\/v2\/comments?post=132249"}],"version-history":[{"count":0,"href":"https:\/\/espacoecologico.com.br\/arquivo\/wp-json\/wp\/v2\/posts\/132249\/revisions"}],"wp:featuredmedia":[{"embeddable":true,"href":"https:\/\/espacoecologico.com.br\/arquivo\/wp-json\/wp\/v2\/media\/132250"}],"wp:attachment":[{"href":"https:\/\/espacoecologico.com.br\/arquivo\/wp-json\/wp\/v2\/media?parent=132249"}],"wp:term":[{"taxonomy":"category","embeddable":true,"href":"https:\/\/espacoecologico.com.br\/arquivo\/wp-json\/wp\/v2\/categories?post=132249"},{"taxonomy":"post_tag","embeddable":true,"href":"https:\/\/espacoecologico.com.br\/arquivo\/wp-json\/wp\/v2\/tags?post=132249"}],"curies":[{"name":"wp","href":"https:\/\/api.w.org\/{rel}","templated":true}]}}