{"id":105536,"date":"2019-05-09T12:30:15","date_gmt":"2019-05-09T15:30:15","guid":{"rendered":"https:\/\/espacoecologico.com.br\/arquivo\/?p=105536"},"modified":"2019-05-08T22:22:21","modified_gmt":"2019-05-09T01:22:21","slug":"em-montenegro-uma-lixeira-flutuante-ajuda-a-combater-a-poluicao-plastica-video","status":"publish","type":"post","link":"https:\/\/espacoecologico.com.br\/arquivo\/em-montenegro-uma-lixeira-flutuante-ajuda-a-combater-a-poluicao-plastica-video\/","title":{"rendered":"Em Montenegro, uma lixeira flutuante ajuda a combater a polui\u00e7\u00e3o pl\u00e1stica; v\u00eddeo"},"content":{"rendered":"<div class=\"post_excerpt\">\n<p><a href=\"https:\/\/espacoecologico.com.br\/arquivo\/wp-content\/uploads\/2019\/05\/LIXEIRA.jpg\"><img loading=\"lazy\" class=\"alignleft size-medium wp-image-105537\" src=\"https:\/\/espacoecologico.com.br\/arquivo\/wp-content\/uploads\/2019\/05\/LIXEIRA-300x192.jpg\" alt=\"\" width=\"300\" height=\"192\" srcset=\"https:\/\/espacoecologico.com.br\/arquivo\/wp-content\/uploads\/2019\/05\/LIXEIRA-300x192.jpg 300w, https:\/\/espacoecologico.com.br\/arquivo\/wp-content\/uploads\/2019\/05\/LIXEIRA.jpg 415w\" sizes=\"(max-width: 300px) 100vw, 300px\" \/><\/a>A polui\u00e7\u00e3o pl\u00e1stica \u00e9 um problema crescente para os nossos oceanos. Em Montenegro, pa\u00eds do leste europeu, uma tecnologia inovadora est\u00e1 ajudando a limpar o oceano.<\/p>\n<p>A Seabin \u00e9 uma lixeira flutuante que coleta detritos nas marinas e perto das praias da Ba\u00eda de Kotor, incluindo garrafas pl\u00e1sticas, linhas de peixe, bitucas de cigarro e outros tipos de lixo.<\/p>\n<p>Confira nesse v\u00eddeo da Uni\u00e3o Internacional de Telecomunica\u00e7\u00f5es (UIT).<\/p>\n<\/div>\n<p><span class=\"embed-youtube\"><iframe loading=\"lazy\" class=\"youtube-player\" src=\"https:\/\/www.youtube.com\/embed\/_A9YkSzxK9k?version=3&amp;rel=1&amp;fs=1&amp;autohide=2&amp;showsearch=0&amp;showinfo=1&amp;iv_load_policy=1&amp;wmode=transparent\" width=\"810\" height=\"456\" allowfullscreen=\"allowfullscreen\" data-mce-fragment=\"1\"><\/iframe><\/span><\/p>\n<p>Saiba mais sobre o\u00a0<a href=\"http:\/\/bit.ly\/itu-seabin\" target=\"_blank\" rel=\"noopener noreferrer\">projeto aqui<\/a>.<\/p>\n<p>Acompanhe o tema\u00a0<a href=\"http:\/\/bit.ly\/ods14\" target=\"_blank\" rel=\"noopener noreferrer\">aqui<\/a>\u00a0e\u00a0<a href=\"http:\/\/bit.ly\/ods-9\" target=\"_blank\" rel=\"noopener noreferrer\">aqui<\/a>. Acompanhe as\u00a0<a href=\"http:\/\/bit.ly\/uitbrasil\" target=\"_blank\" rel=\"noopener noreferrer\">not\u00edcias da UIT aqui<\/a>.<\/p>\n","protected":false},"excerpt":{"rendered":"<p>A polui\u00e7\u00e3o pl\u00e1stica \u00e9 um problema crescente para os nossos oceanos. Em Montenegro, pa\u00eds do<\/p>\n","protected":false},"author":2,"featured_media":105537,"comment_status":"open","ping_status":"open","sticky":false,"template":"","format":"standard","meta":[],"categories":[],"tags":[],"uagb_featured_image_src":{"full":["https:\/\/espacoecologico.com.br\/arquivo\/wp-content\/uploads\/2019\/05\/LIXEIRA.jpg",415,265,false],"thumbnail":["https:\/\/espacoecologico.com.br\/arquivo\/wp-content\/uploads\/2019\/05\/LIXEIRA-150x150.jpg",150,150,true],"medium":["https:\/\/espacoecologico.com.br\/arquivo\/wp-content\/uploads\/2019\/05\/LIXEIRA-300x192.jpg",300,192,true],"medium_large":["https:\/\/espacoecologico.com.br\/arquivo\/wp-content\/uploads\/2019\/05\/LIXEIRA.jpg",415,265,false],"large":["https:\/\/espacoecologico.com.br\/arquivo\/wp-content\/uploads\/2019\/05\/LIXEIRA.jpg",415,265,false],"1536x1536":["https:\/\/espacoecologico.com.br\/arquivo\/wp-content\/uploads\/2019\/05\/LIXEIRA.jpg",415,265,false],"2048x2048":["https:\/\/espacoecologico.com.br\/arquivo\/wp-content\/uploads\/2019\/05\/LIXEIRA.jpg",415,265,false],"cream-magazine-thumbnail-2":["https:\/\/espacoecologico.com.br\/arquivo\/wp-content\/uploads\/2019\/05\/LIXEIRA.jpg",415,265,false],"cream-magazine-thumbnail-3":["https:\/\/espacoecologico.com.br\/arquivo\/wp-content\/uploads\/2019\/05\/LIXEIRA.jpg",415,265,false],"cream-magazine-thumbnail-4":["https:\/\/espacoecologico.com.br\/arquivo\/wp-content\/uploads\/2019\/05\/LIXEIRA.jpg",415,265,false]},"uagb_author_info":{"display_name":"","author_link":"https:\/\/espacoecologico.com.br\/arquivo\/author\/"},"uagb_comment_info":0,"uagb_excerpt":"A polui\u00e7\u00e3o pl\u00e1stica \u00e9 um problema crescente para os nossos oceanos. Em Montenegro, pa\u00eds do","_links":{"self":[{"href":"https:\/\/espacoecologico.com.br\/arquivo\/wp-json\/wp\/v2\/posts\/105536"}],"collection":[{"href":"https:\/\/espacoecologico.com.br\/arquivo\/wp-json\/wp\/v2\/posts"}],"about":[{"href":"https:\/\/espacoecologico.com.br\/arquivo\/wp-json\/wp\/v2\/types\/post"}],"author":[{"embeddable":true,"href":"https:\/\/espacoecologico.com.br\/arquivo\/wp-json\/wp\/v2\/users\/2"}],"replies":[{"embeddable":true,"href":"https:\/\/espacoecologico.com.br\/arquivo\/wp-json\/wp\/v2\/comments?post=105536"}],"version-history":[{"count":0,"href":"https:\/\/espacoecologico.com.br\/arquivo\/wp-json\/wp\/v2\/posts\/105536\/revisions"}],"wp:featuredmedia":[{"embeddable":true,"href":"https:\/\/espacoecologico.com.br\/arquivo\/wp-json\/wp\/v2\/media\/105537"}],"wp:attachment":[{"href":"https:\/\/espacoecologico.com.br\/arquivo\/wp-json\/wp\/v2\/media?parent=105536"}],"wp:term":[{"taxonomy":"category","embeddable":true,"href":"https:\/\/espacoecologico.com.br\/arquivo\/wp-json\/wp\/v2\/categories?post=105536"},{"taxonomy":"post_tag","embeddable":true,"href":"https:\/\/espacoecologico.com.br\/arquivo\/wp-json\/wp\/v2\/tags?post=105536"}],"curies":[{"name":"wp","href":"https:\/\/api.w.org\/{rel}","templated":true}]}}