{"id":105531,"date":"2019-05-09T12:00:05","date_gmt":"2019-05-09T15:00:05","guid":{"rendered":"https:\/\/espacoecologico.com.br\/arquivo\/?p=105531"},"modified":"2019-05-08T22:14:38","modified_gmt":"2019-05-09T01:14:38","slug":"acumulo-de-gases-estufa-bloqueia-o-calor-do-sol-na-atmosfera","status":"publish","type":"post","link":"https:\/\/espacoecologico.com.br\/arquivo\/acumulo-de-gases-estufa-bloqueia-o-calor-do-sol-na-atmosfera\/","title":{"rendered":"Ac\u00famulo de gases estufa bloqueia o calor do sol na atmosfera"},"content":{"rendered":"<p><a href=\"https:\/\/espacoecologico.com.br\/arquivo\/wp-content\/uploads\/2019\/05\/aquecimento.jpg\"><img loading=\"lazy\" class=\"alignleft size-medium wp-image-105533\" src=\"https:\/\/espacoecologico.com.br\/arquivo\/wp-content\/uploads\/2019\/05\/aquecimento-300x192.jpg\" alt=\"\" width=\"300\" height=\"192\" srcset=\"https:\/\/espacoecologico.com.br\/arquivo\/wp-content\/uploads\/2019\/05\/aquecimento-300x192.jpg 300w, https:\/\/espacoecologico.com.br\/arquivo\/wp-content\/uploads\/2019\/05\/aquecimento.jpg 415w\" sizes=\"(max-width: 300px) 100vw, 300px\" \/><\/a>O\u00a0<span class=\"Apple-style-span\">aquecimento global<\/span>\u00a0\u00e9 o processo de mudan\u00e7a da temperatura m\u00e9dia global da atmosfera e dos oceanos. O ac\u00famulo de altas concentra\u00e7\u00f5es de\u00a0<span class=\"Apple-style-span\">gases de efeito estufa<\/span> na atmosfera bloqueia o calor emitido pelo sol e o prende na superf\u00edcie terrestre, aumentando a temperatura m\u00e9dia da Terra.<\/p>\n<p>O mundo est\u00e1 se tornando mais quente. Mas esse \u00e9 um processo natural da Terra ou decorre da a\u00e7\u00e3o humana? H\u00e1 muita discuss\u00e3o em torno do assunto, mas \u00e9 sempre bom esclarecer\u00a0<span class=\"Apple-style-span\">o que \u00e9 o aquecimento global<\/span>, processo que o\u00a0<a href=\"https:\/\/www.youtube.com\/watch?v=LkHvR_dL3iA\" target=\"_blank\" rel=\"noopener noreferrer\">v\u00eddeo<\/a>produzido pela equipe do\u00a0<i><span class=\"Apple-style-span\">Portal eCycle<\/span><\/i>\u00a0explica:<\/p>\n<div><iframe loading=\"lazy\" src=\"https:\/\/www.youtube.com\/embed\/LkHvR_dL3iA\" width=\"750\" height=\"341\" frameborder=\"0\" allowfullscreen=\"allowfullscreen\" data-mce-fragment=\"1\"><\/iframe><\/div>\n<p>Apesar de contribuir para o\u00a0<span class=\"Apple-style-span\">aquecimento global<\/span>, o\u00a0<span class=\"Apple-style-span\"><a href=\"https:\/\/www.ecycle.com.br\/6215-efeito-estufa\" target=\"_blank\" rel=\"noopener noreferrer\">efeito estufa<\/a><\/span>\u00a0\u00e9 um processo fundamental para a vida na Terra, pois faz com que o planeta se mantenha em temperaturas habit\u00e1veis. Mas o aumento significativo das\u00a0<span class=\"Apple-style-span\">emiss\u00f5es de gases do efeito estufa<\/span>\u00a0associado a fen\u00f4menos naturais e a\u00e7\u00f5es promovidas pela atividade humana, como o desmatamento de\u00a0<a href=\"https:\/\/www.ecycle.com.br\/component\/content\/article\/63-meio-ambiente\/4807-os-servicos-ecossistemicos-das-florestas-na-preservacao-e-controle-de-sistemas-hidricos-erosao-qualidade-do-solo-controle-climatico-protecao-da-biodiversidade.html\" target=\"_blank\" rel=\"noopener noreferrer\">florestas<\/a>, t\u00eam sido determinantes para o desequil\u00edbrio do balan\u00e7o de energia do sistema, causando maior reten\u00e7\u00e3o de energia e o aumento do efeito estufa, com o\u00a0<span class=\"Apple-style-span\">aquecimento<\/span>\u00a0da baixa atmosfera e aumento da temperatura m\u00e9dia do planeta. O\u00a0<span class=\"Apple-style-span\">aquecimento global<\/span> se tornou um dos maiores problemas da Terra, com efeitos que podem ser catastr\u00f3ficos, incluindo efeitos diretos na sa\u00fade.<\/p>\n<p>Assim, o\u00a0<span class=\"Apple-style-span\">aquecimento global<\/span>\u00a0\u00e9 um processo que decorre da intensifica\u00e7\u00e3o do\u00a0<span class=\"Apple-style-span\">efeito estufa<\/span>\u00a0&#8211; a\u00a0<span class=\"Apple-style-span\">radia\u00e7\u00e3o<\/span>\u00a0que vem da luz do sol atinge a Terra e \u00e9 absorvida por gases presentes na atmosfera, os quais passam a emitir de volta para a superf\u00edcie terrestre radia\u00e7\u00e3o infravermelha (calor), aumentando a temperatura do planeta. Os gases que interagem com a radia\u00e7\u00e3o solar produzindo\u00a0<span class=\"Apple-style-span\">radia\u00e7\u00e3o infravermelha<\/span>s\u00e3o chamados de\u00a0<span class=\"Apple-style-span\">Gases de Efeito Estufa<\/span>\u00a0ou\u00a0<span class=\"Apple-style-span\">GEE<\/span>. Para saber mais sobre esse tema, confira a mat\u00e9ria: &#8220;<a href=\"https:\/\/www.ecycle.com.br\/component\/content\/article\/63-meio-ambiente\/6037-gases-de-efeito-estufa-co2-ch4-no2-o3-halocarbonos-vapor-de-agua-aquecimento-global-mudancas-climaticas.html\" target=\"_blank\" rel=\"noopener noreferrer\">Conhe\u00e7a os gases de efeito estufa e sua influ\u00eancia no aquecimento global<\/a>&#8220;.<\/p>\n<p>Entenda melhor\u00a0<a href=\"https:\/\/www.ecycle.com.br\/6215-efeito-estufa\" target=\"_blank\" rel=\"noopener noreferrer\"><span class=\"Apple-style-span\">o que \u00e9 o efeito estufa<\/span>\u00a0na mat\u00e9ria sobre o tema<\/a>\u00a0e no\u00a0<a href=\"https:\/\/www.youtube.com\/watch?v=jLktZvH1tnE\" target=\"_blank\" rel=\"noopener noreferrer\">v\u00eddeo<\/a>, produzido em parceria entre a Ag\u00eancia Espacial Brasileira e o Instituto Nacional de Pesquisas Espaciais:<\/p>\n<div><iframe loading=\"lazy\" src=\"https:\/\/www.youtube.com\/embed\/jLktZvH1tnE?rel=0\" width=\"750\" height=\"341\" frameborder=\"0\" allowfullscreen=\"allowfullscreen\" data-mce-fragment=\"1\"><\/iframe><\/div>\n<h2>Alguns lugares ficar\u00e3o mais frios<\/h2>\n<p>Apesar do nome &#8220;<span class=\"Apple-style-span\">aquecimento global<\/span>&#8220;, esse fen\u00f4meno, principal causador das <a href=\"https:\/\/www.ecycle.com.br\/3177-mudancas-climaticas.html\" target=\"_blank\" rel=\"noopener noreferrer\">mudan\u00e7as clim\u00e1ticas<\/a>, \u00e9 respons\u00e1vel por gerar epis\u00f3dios de frio extremo em algumas regi\u00f5es. Isso confunde muita gente. Inclusive o\u00a0<a href=\"http:\/\/conexaoplaneta.com.br\/blog\/trump-volta-a-debochar-do-aquecimento-global-diante-de-onda-de-frio-polar-que-castiga-os-estados-unidos\/\" target=\"_blank\" rel=\"noopener noreferrer\">presidente Trump<\/a>, que achou que as\u00a0<a href=\"https:\/\/www.ecycle.com.br\/component\/content\/article\/63-meio-ambiente\/7042-vinte-pessoas-morrem-nos-eua-devido-a-grave-onda-de-frio.html\" target=\"_blank\" rel=\"noopener noreferrer\">temperaturas baixas nos EUA em 2019\u00a0<\/a>eram prova de que o\u00a0<span class=\"Apple-style-span\">aquecimento global\u00a0<\/span><span class=\"Apple-style-span\">n\u00e3o existe<\/span>.\u00a0O fato \u00e9 que nenhum evento isolado como esse dos EUA \u00e9 capaz de provar ou refutar a tese de a<span class=\"Apple-style-span\">quecimento global<\/span>. Em n\u00edveis globais, s\u00f3 \u00e9 poss\u00edvel aferir hip\u00f3teses quando se analisa a hist\u00f3ria da Terra no tempo geol\u00f3gico, que \u00e9 muito longo.<\/p>\n<p>O aumento da emiss\u00e3o de<span class=\"Apple-style-span\">\u00a0gases de efeito estufa\u00a0<\/span>aumenta a reten\u00e7\u00e3o de energia nos oceanos como e na atmosfera, provocando um aumento da intensidade, da frequ\u00eancia e do impacto de eventos clim\u00e1ticos extremos, sejam de frio ou de calor.<\/p>\n<p>Um fen\u00f4meno que sofre<span class=\"Apple-style-span\">\u00a0mudan\u00e7as\u00a0<\/span>com o\u00a0<span class=\"Apple-style-span\">aquecimento global<\/span>\u00a0\u00e9 a\u00a0<span class=\"Apple-style-span\">circula\u00e7\u00e3o termoalina<\/span>. Essas correntes oce\u00e2nicas, movidas pelas diferen\u00e7as de densidades causadas pela presen\u00e7a de sal, s\u00e3o respons\u00e1veis por levar calor at\u00e9 certas regi\u00f5es. Com o a<span class=\"Apple-style-span\">quecimento global\u00a0<\/span>e o derretimento das calotas polares, a concentra\u00e7\u00e3o de sal diminui, o que pode cessar a\u00a0circula\u00e7\u00e3o termoalina.<\/p>\n<p>Embora as temperaturas globais gerais aumentem, esse cessar das correntes quentes nas regi\u00f5es em que ocorrem naturalmente resultar\u00e1 em temperaturas mais baixas.<\/p>\n<p>Mas ainda h\u00e1 muita incerteza sobre os efeitos das correntes de resfriamento. Se as temperaturas ca\u00edrem um pouco, elas podem simplesmente neutralizar os efeitos do<span class=\"Apple-style-span\">aquecimento global\u00a0<\/span>em regi\u00f5es como a Europa.<\/p>\n<p>Isso n\u00e3o quer dizer sorte. Em um cen\u00e1rio mais sombrio, uma dr\u00e1stica redu\u00e7\u00e3o na\u00a0circula\u00e7\u00e3o termoalina\u00a0pode causar uma queda consider\u00e1vel das temperaturas. Se a desacelera\u00e7\u00e3o continuar, a Europa e outras regi\u00f5es que dependem da\u00a0circula\u00e7\u00e3o termoalina\u00a0para manter o clima razoavelmente quente e ameno, podem esperar por uma era do gelo. Saiba mais sobre esse tema na mat\u00e9ria: &#8220;<a href=\"https:\/\/www.ecycle.com.br\/7143-circulacao-termoalina.html\">O que \u00e9 circula\u00e7\u00e3o termoalina<\/a>&#8220;.<\/p>\n<h2>Estudos<\/h2>\n<p>Se a a\u00e7\u00e3o humana n\u00e3o \u00e9 a \u00fanica causa do\u00a0<span class=\"Apple-style-span\">aquecimento global<\/span>, seu impacto \u00e9 consider\u00e1vel. Apesar de n\u00e3o haver consenso sobre as causas do\u00a0<span class=\"Apple-style-span\">aquecimento global<\/span>, a maior parte da classe cient\u00edfica reconhece a atividade humana como sua principal desencadeadora.<\/p>\n<p>Um\u00a0<a href=\"http:\/\/www.nature.com\/nclimate\/journal\/vaop\/ncurrent\/full\/nclimate1778.html\">estudo<\/a>\u00a0feito pela\u00a0<a href=\"http:\/\/www.bris.ac.uk\/\" target=\"_blank\" rel=\"noopener noreferrer\">Universidade de Bristol<\/a>, no Reino Unido, e publicado na revista\u00a0<i>Nature<\/i>, estimou que um aumento no n\u00edvel do mar poderia ser da ordem de 90 cent\u00edmetros at\u00e9 o ano de 2100. Isso, de acordo com o estudo, seria devido ao derretimento de geleiras e da expans\u00e3o das \u00e1guas do oceano, causados pelo aumento da temperatura global. O aumento do n\u00edvel do mar causaria o desaparecimento de ilhas e at\u00e9 de pa\u00edses inteiros, al\u00e9m de preju\u00edzos para cidades litor\u00e2neas, causados pelo desaparecimento de \u00e1reas mais baixas.<\/p>\n<p>Outro\u00a0<a href=\"http:\/\/oceanrep.geomar.de\/10865\/\" target=\"_blank\" rel=\"noopener noreferrer\">estudo<\/a>\u00a0sugere que o\u00a0<span class=\"Apple-style-span\">aquecimento global<\/span>\u00a0pode aumentar o n\u00famero de erup\u00e7\u00f5es vulc\u00e2nicas. Ao analisarem o \u00faltimo milh\u00e3o de anos, pesquisadores conseguiram estabelecer uma rela\u00e7\u00e3o direta entre o\u00a0<span class=\"Apple-style-span\">aquecimento global<\/span>\u00a0e o aumento de atividades vulc\u00e2nicas. Isso pelo fato de que, com o aumento da quantidade de \u00e1gua nos oceanos causado pelo derretimento, a press\u00e3o sobre o solo oce\u00e2nico aumenta, fazendo com que as chances de erup\u00e7\u00f5es aumentem.<\/p>\n<p>Uma\u00a0<a href=\"http:\/\/www.nature.com\/nclimate\/journal\/vaop\/ncurrent\/full\/nclimate1793.html\" target=\"_blank\" rel=\"noopener noreferrer\">pesquisa<\/a>\u00a0liderada por Nigel Arnell, diretor do\u00a0<a href=\"http:\/\/www.walker-institute.ac.uk\/\">Instituto Walker<\/a>, da\u00a0<a href=\"http:\/\/www.reading.ac.uk\/\" target=\"_blank\" rel=\"noopener noreferrer\">Universidade de Reading<\/a>, no Reino Unido, demonstra que o estabelecimento de pol\u00edticas que garantam o aumento de temperatura de at\u00e9 2\u00b0C at\u00e9 o ano de 2100, pode reduzir 65% dos impactos ambientais. A previs\u00e3o \u00e9 de que at\u00e9 o fim do s\u00e9culo, o\u00a0<span class=\"Apple-style-span\">aquecimento global<\/span>\u00a0conduzir\u00e1 o planeta a uma temperatura at\u00e9 4\u00b0C mais quente. O\u00a0<a href=\"https:\/\/www.ecycle.com.br\/component\/content\/article\/38-no-mundo\/4090-acordo-de-paris-e-aprovado-no-ultimo-dia-da-cop21-meta-e-manter-aquecimento-global-qmuito-abaixo-dos-2dcq.html\" target=\"_blank\" rel=\"noopener noreferrer\">Acordo de Paris<\/a>, estabelecido em dezembro de 2015, tem a meta de limitar o\u00a0<span class=\"Apple-style-span\">aquecimento global<\/span> em 2\u00b0C at\u00e9 2100.<\/p>\n<p>Em relat\u00f3rio encomendado pelo\u00a0<a href=\"http:\/\/www.weforum.org\/\" target=\"_blank\" rel=\"noopener noreferrer\">F\u00f3rum Econ\u00f4mico Mundial<\/a>, intitulado\u00a0<a href=\"http:\/\/www3.weforum.org\/docs\/WEF_GlobalRisks_Report_2013.pdf\" target=\"_blank\" rel=\"noopener noreferrer\">Global Risks 2013<\/a>, o\u00a0<span class=\"Apple-style-span\">aquecimento global<\/span>associado ao desequil\u00edbrio do\u00a0<span class=\"Apple-style-span\">efeito estufa<\/span>\u00a0j\u00e1 era reconhecido como o terceiro maior risco global por conta dos grandes fen\u00f4menos clim\u00e1ticos de 2012, como o furac\u00e3o Sandy e as enchentes na China. A ind\u00fastria seguradora \u00e9 um bom exemplo disso &#8211; acompanha com apreens\u00e3o a crescente sucess\u00e3o de desastres naturais que impactam, direta e imprevisivelmente, o risco de suas opera\u00e7\u00f5es.<\/p>\n<div><img loading=\"lazy\" class=\"\" src=\"https:\/\/cdn4.ecycle.com.br\/cache\/images\/materias\/Atitude\/2013-01\/50-750-aquecimento-global-geleira.jpg\" alt=\"aquecimento global\" width=\"639\" height=\"392\" \/><\/div>\n<h2>Consequ\u00eancias para a sa\u00fade da popula\u00e7\u00e3o<\/h2>\n<p>As\u00a0mudan\u00e7as clim\u00e1ticas\u00a0decorrentes do<span class=\"Apple-style-span\">\u00a0aquecimento global\u00a0<\/span>aumentam a intensidade, a frequ\u00eancia e o impacto de eventos\u00a0clim\u00e1ticos\u00a0extremos, sejam de frio ou de calor. Esses eventos, al\u00e9m de impactarem o ambiente, que inclui a fauna, a flora, a atmosfera, o oceano, o meio geoqu\u00edmico e geof\u00edsico; causam efeitos nocivos \u00e0\u00a0sa\u00fade\u00a0humana, como aumento do risco de suic\u00eddio, problemas respirat\u00f3rios, problemas cardiovasculares, asma, c\u00e2ncer, obesidade, insola\u00e7\u00e3o, infertilidade, defici\u00eancia nutricional, entre outros. Esse problemas s\u00e3o ainda mais intensos em popula\u00e7\u00f5es mais pobres, em decorr\u00eancia de outro fen\u00f4meno chamado &#8220;gentrifica\u00e7\u00e3o clim\u00e1tica&#8221;. Entenda esses temas com mais profundidade nas mat\u00e9rias: &#8220;<a href=\"https:\/\/www.ecycle.com.br\/7228-consequencias-do-aquecimento-global-saude\">Dez consequ\u00eancias do aquecimento global para a sa\u00fade<\/a>&#8221; e &#8220;<a href=\"https:\/\/www.ecycle.com.br\/5888-gentrificacao\">O que \u00e9 gentrifica\u00e7\u00e3o clim\u00e1tica?<\/a>&#8220;.<\/p>\n<h2>O que fazer para ajudar a reduzir o aquecimento global<\/h2>\n<p>Conscientiza\u00e7\u00e3o e mudan\u00e7as de atitude s\u00e3o muito importantes quando o assunto envolve\u00a0<span class=\"Apple-style-span\">aquecimento global<\/span>\u00a0e\u00a0<span class=\"Apple-style-span\">mudan\u00e7as clim\u00e1ticas<\/span>. Para contribuir com a diminui\u00e7\u00e3o de emiss\u00e3o de gases do efeito estufa, em primeiro lugar, \u00e9 preciso saber onde est\u00e3o esses gases.<\/p>\n<h3>Reduza o uso de carro<\/h3>\n<p>O di\u00f3xido de carbono \u00e9 encontrado principalmente na queima de combust\u00edveis f\u00f3sseis como a gasolina, diesel e carv\u00e3o. Para evitar esse tipo de polui\u00e7\u00e3o, a redu\u00e7\u00e3o do uso deliberado do autom\u00f3vel \u00e9 um bom caminho!<\/p>\n<h3>Que tal usar bicicleta, transporte p\u00fablico ou coletivo?<\/h3>\n<div><img loading=\"lazy\" class=\"\" src=\"https:\/\/cdn4.ecycle.com.br\/cache\/images\/50-650-bicleta.jpg\" alt=\"aquecimento global\" width=\"640\" height=\"393\" \/><\/div>\n<p>Bicicletas s\u00e3o boas op\u00e7\u00f5es para deslocamentos de curta e longa dist\u00e2ncias. Caronas e transporte p\u00fablico de qualidade, sobretudo trens e metr\u00f4 &#8211; que utilizam fontes renov\u00e1veis de energia &#8211; s\u00e3o \u00f3timas alternativas. Quando o local \u00e9 bem pr\u00f3ximo, ir a p\u00e9 tamb\u00e9m \u00e9 uma boa.<\/p>\n<h3>Seja vegano<\/h3>\n<div><img loading=\"lazy\" class=\"\" src=\"https:\/\/cdn4.ecycle.com.br\/cache\/cache\/images\/2018-10\/50-650-50-650-filosofia-vegana.jpg\" width=\"640\" height=\"393\" \/><\/div>\n<p>O uso maci\u00e7o de\u00a0<a href=\"https:\/\/www.ecycle.com.br\/component\/content\/article\/35\/1329-como-o-que-uso-fertilizantes-agricultura-emissoes-desequilibrio-efeito-estufa-problema-aquecimento-global-contaminacao-meio-ambiente.html\" target=\"_blank\" rel=\"noopener noreferrer\">fertilizantes nitrogenados<\/a>\u00a0na agricultura para a ra\u00e7\u00e3o do gado tamb\u00e9m \u00e9 um forte amplificador do\u00a0<span class=\"Apple-style-span\">aquecimento global<\/span>, uma vez que al\u00e9m de exigirem grandes quantidades de energia em sua produ\u00e7\u00e3o, quando aplicados ao solo, desprendem nitrog\u00eanio na atmosfera. O g\u00e1s, combinado ao oxig\u00eanio, d\u00e1 origem ao \u00f3xido nitroso (N2O), um poderoso GEE, cujo potencial de reten\u00e7\u00e3o de calor na atmosfera \u00e9 de ordem 300 vezes superior \u00e0 do di\u00f3xido de carbono (CO2).<\/p>\n<p>J\u00e1 o metano, GEE cerca de 20 vezes mais potente que o di\u00f3xido de carbono na reten\u00e7\u00e3o de calor na atmosfera, a ela chega de diversas formas: emana\u00e7\u00e3o via\u00a0<a href=\"http:\/\/pt.wikipedia.org\/wiki\/Vulc%C3%A3o_de_lama\" target=\"_blank\" rel=\"noopener noreferrer\">vulc\u00f5es de lama<\/a>\u00a0e falhas geol\u00f3gicas, decomposi\u00e7\u00e3o de\u00a0<a href=\"http:\/\/pt.wikipedia.org\/wiki\/Res%C3%ADduo\" target=\"_blank\" rel=\"noopener noreferrer\">res\u00edduos<\/a>\u00a0org\u00e2nicos, fontes naturais (ex:\u00a0<a href=\"http:\/\/pt.wikipedia.org\/wiki\/P%C3%A2ntano\" target=\"_blank\" rel=\"noopener noreferrer\">p\u00e2ntanos<\/a>), na extra\u00e7\u00e3o de combust\u00edvel mineral (a exemplo do g\u00e1s de folhelho via\u00a0<a href=\"https:\/\/www.ecycle.com.br\/component\/content\/article\/35-atitude\/1206-os-perigos-potenciais-do-fraturamento-hidraulico.html\" target=\"_blank\" rel=\"noopener noreferrer\">fraturamento hidr\u00e1ulico<\/a>\u00a0extra\u00eddo do folhelho negro), fermenta\u00e7\u00e3o ent\u00e9rica de animais (<a href=\"http:\/\/pt.wikipedia.org\/wiki\/Herb%C3%ADvoro\" target=\"_blank\" rel=\"noopener noreferrer\">herb\u00edvoros<\/a>, carn\u00edvoros e on\u00edvoros),\u00a0<a href=\"http:\/\/pt.wikipedia.org\/wiki\/Bact%C3%A9ria\" target=\"_blank\" rel=\"noopener noreferrer\">bact\u00e9rias<\/a>\u00a0e aquecimento ou combust\u00e3o de\u00a0<a href=\"http:\/\/pt.wikipedia.org\/wiki\/Biomassa\" target=\"_blank\" rel=\"noopener noreferrer\">biomassa<\/a>\u00a0<a href=\"http:\/\/pt.wikipedia.org\/wiki\/Anaer%C3%B3bica\" target=\"_blank\" rel=\"noopener noreferrer\">anaer\u00f3bica<\/a>.<\/p>\n<p>A agropecu\u00e1ria \u00e9 fortemente uma atividade amplificadora do\u00a0<span class=\"Apple-style-span\">aquecimento global<\/span>; isso porque no processo s\u00e3o emitidas quantidades significativas de GEE. Um estudo feito pela Universidade de Leeds, no Reino Unido, mostrou que\u00a0<a href=\"https:\/\/www.ecycle.com.br\/component\/content\/article\/62-alimentos\/3614-reduzir-diminuir-pegada-carbono-carne-vermelha-bovina-gado-consumo-alimentos-producao-fabricacao-agricultura-limpa-impacto-ambiental-meio-ambiente-emissoes-avaliacao-ciclo-vida-descarte-gas-efeito-aquecimento-global-terra-agua.html\">reduzir consumo de carne vermelha \u00e9 mais efetivo contra gases-estufa do que deixar de andar de carro<\/a>. De acordo com outra\u00a0<a href=\"https:\/\/www.ecycle.com.br\/component\/content\/article\/62-alimentos\/4358-se-todos-fossem-veganos-oito-milhoes-de-mortes-anuais-seriam-evitadas-e-poluicao-diminuiria-em-dois-tercos-diz-pesquisa.html\" target=\"_blank\" rel=\"noopener noreferrer\">pesquisa<\/a>, da Universidade de Oxford, se todos fossem veganos, oito milh\u00f5es de mortes anuais seriam evitadas e polui\u00e7\u00e3o diminuiria em dois ter\u00e7os. Saiba mais sobre o veganismo na mat\u00e9ria: &#8220;<a href=\"https:\/\/www.ecycle.com.br\/2509-filosofia-vegana\" target=\"_blank\" rel=\"noopener noreferrer\">Filosofia vegana: conhe\u00e7a e tire suas d\u00favidas<\/a>&#8220;.<\/p>\n<h3>Compostagem \u00e9 uma boa!<\/h3>\n<div><img loading=\"lazy\" class=\"\" src=\"https:\/\/cdn4.ecycle.com.br\/cache\/images\/50-650-compost.jpg\" alt=\"aquecimento global\" width=\"640\" height=\"393\" \/><\/div>\n<p>Com rela\u00e7\u00e3o \u00e0 decomposi\u00e7\u00e3o de res\u00edduos org\u00e2nicos, a\u00a0<a href=\"http:\/\/www.bvsde.paho.org\/bvsacd\/abes23\/III-059.pdf\" target=\"_blank\" rel=\"noopener noreferrer\">biodigest\u00e3o<\/a>\u00a0e a\u00a0<a href=\"http:\/\/www.cnps.embrapa.br\/publicacoes\/pdfs\/doc127_2010_compostagem_residuos.pdf\" target=\"_blank\" rel=\"noopener noreferrer\">compostagem<\/a>\u00a0s\u00e3o consideradas tecnologias mitigadoras por reduzirem as\u00a0<span class=\"Apple-style-span\">emiss\u00f5es GEE<\/span>\u00a0por tonelada de res\u00edduo tratado; a primeira tem a vantagem de gerar energia como subproduto e a segunda, o\u00a0<span class=\"Apple-style-span\">adubo natural<\/span>. Para entender mais sobre esses temas confira as mat\u00e9rias: &#8220;<a href=\"https:\/\/www.ecycle.com.br\/component\/content\/article\/67-dia-a-dia\/2368-o-que-e-como-fazer-compostagem-compostar-composteira-tecnica-processo-reciclagem-decomposicao-destino-util-solucao-materia-organica-residuos-solidos-lixo-organico-urbano-domestico-industrial-rural-transformacao-adubo-natural.html\" target=\"_blank\" rel=\"noopener noreferrer\">Compostagem: o que \u00e9 e como ela funciona? Entenda melhor<\/a>&#8221; e &#8220;<a href=\"https:\/\/www.ecycle.com.br\/component\/content\/article\/35\/1338-biodigestao-e-uma-opcao-para-o-lixo-organico-rural-e-urbano.html\">Biodigest\u00e3o: a reciclagem de lixo org\u00e2nico<\/a>&#8220;.<\/p>\n<h3>Quanto menos CFCs, melhor<\/h3>\n<p>Embora o consumo de\u00a0<a href=\"http:\/\/pt.wikipedia.org\/wiki\/Clorofluorcarboneto\" target=\"_blank\" rel=\"noopener noreferrer\">CFCs<\/a>\u00a0(clorofluorcarbonetos) tenha sido eliminado no pa\u00eds de forma regulamentar, ainda est\u00e3o em opera\u00e7\u00e3o equipamentos de refrigera\u00e7\u00e3o e ar-condicionado que operam \u00e0 base desses gases nocivos. Alternativamente aos CFCs, sob o argumento de serem 50% menos destrutivos \u00e0\u00a0<a href=\"http:\/\/pt.wikipedia.org\/wiki\/Camada_de_oz%C3%B4nio\" target=\"_blank\" rel=\"noopener noreferrer\">camada de oz\u00f4nio<\/a>, surgiram os\u00a0<a href=\"http:\/\/pt.wikipedia.org\/wiki\/Hidrofluorocarboneto\" target=\"_blank\" rel=\"noopener noreferrer\">HCFCs<\/a>\u00a0(hidroclorofluorcarbonos). Por outro lado, a nova solu\u00e7\u00e3o, baseada nos gases chamados fluorados, representa grande contribui\u00e7\u00e3o para o\u00a0<span class=\"Apple-style-span\">aquecimento global<\/span>. Isso porque essa tecnologia alternativa pode ser milhares de vezes mais prejudicial do que o di\u00f3xido de carbono, o que levou a Uni\u00e3o Europ\u00e9ia a pressionar por seu banimento em favor de alternativas naturais n\u00e3o sint\u00e9ticas, como a am\u00f4nia ou o pr\u00f3prio di\u00f3xido de carbono, que t\u00eam altas propriedades de resfriamento. No Brasil encontra-se em curso o\u00a0<a href=\"http:\/\/www.mma.gov.br\/clima\/protecao-da-camada-de-ozonio\/programa-brasileiro-de-eliminacao-dos-hcfcs\" target=\"_blank\" rel=\"noopener noreferrer\">Programa Brasileiro de Elimina\u00e7\u00e3o de HCFCs<\/a>, com objetivo de cumprir um cronograma para a elimina\u00e7\u00e3o destes gases e que estabelece o congelamento dos n\u00edveis de produ\u00e7\u00e3o e importa\u00e7\u00f5es em 2013, sua redu\u00e7\u00e3o em 10% at\u00e9 2015, e o banimento total em 2040.<\/p>\n<div>Por fim, ainda h\u00e1 a\u00e7\u00f5es importantes a serem tomadas e que dizem respeito ao car\u00e1ter pol\u00edtico de nossa vida em sociedade. Um cidad\u00e3o consciente e ambientalmente educado re\u00fane a argumenta\u00e7\u00e3o e as condi\u00e7\u00f5es necess\u00e1rias para, al\u00e9m de tomar as melhores escolhas em rela\u00e7\u00e3o ao consumo, pressionar governos, empresas e representantes da sociedade a tomarem decis\u00f5es e posturas mais vi\u00e1veis socioambientalmente e, consequentemente, combativas ao\u00a0<span class=\"Apple-style-span\">aquecimento global<\/span>. Exemplos dessas a\u00e7\u00f5es s\u00e3o a capacidade de articula\u00e7\u00e3o em sociedade, apoio \u00e0 representantes que mostram preocupa\u00e7\u00e3o com mobilidade urbana, com o\u00a0<span class=\"Apple-style-span\">aquecimento global<\/span>\u00a0e com todos outros temas ligado \u00e0 sustentabilidade.<\/div>\n","protected":false},"excerpt":{"rendered":"<p>O\u00a0aquecimento global\u00a0\u00e9 o processo de mudan\u00e7a da temperatura m\u00e9dia global da atmosfera e dos oceanos.<\/p>\n","protected":false},"author":2,"featured_media":105533,"comment_status":"open","ping_status":"open","sticky":false,"template":"","format":"standard","meta":[],"categories":[],"tags":[],"uagb_featured_image_src":{"full":["https:\/\/espacoecologico.com.br\/arquivo\/wp-content\/uploads\/2019\/05\/aquecimento.jpg",415,265,false],"thumbnail":["https:\/\/espacoecologico.com.br\/arquivo\/wp-content\/uploads\/2019\/05\/aquecimento-150x150.jpg",150,150,true],"medium":["https:\/\/espacoecologico.com.br\/arquivo\/wp-content\/uploads\/2019\/05\/aquecimento-300x192.jpg",300,192,true],"medium_large":["https:\/\/espacoecologico.com.br\/arquivo\/wp-content\/uploads\/2019\/05\/aquecimento.jpg",415,265,false],"large":["https:\/\/espacoecologico.com.br\/arquivo\/wp-content\/uploads\/2019\/05\/aquecimento.jpg",415,265,false],"1536x1536":["https:\/\/espacoecologico.com.br\/arquivo\/wp-content\/uploads\/2019\/05\/aquecimento.jpg",415,265,false],"2048x2048":["https:\/\/espacoecologico.com.br\/arquivo\/wp-content\/uploads\/2019\/05\/aquecimento.jpg",415,265,false],"cream-magazine-thumbnail-2":["https:\/\/espacoecologico.com.br\/arquivo\/wp-content\/uploads\/2019\/05\/aquecimento.jpg",415,265,false],"cream-magazine-thumbnail-3":["https:\/\/espacoecologico.com.br\/arquivo\/wp-content\/uploads\/2019\/05\/aquecimento.jpg",415,265,false],"cream-magazine-thumbnail-4":["https:\/\/espacoecologico.com.br\/arquivo\/wp-content\/uploads\/2019\/05\/aquecimento.jpg",415,265,false]},"uagb_author_info":{"display_name":"","author_link":"https:\/\/espacoecologico.com.br\/arquivo\/author\/"},"uagb_comment_info":0,"uagb_excerpt":"O\u00a0aquecimento global\u00a0\u00e9 o processo de mudan\u00e7a da temperatura m\u00e9dia global da atmosfera e dos oceanos.","_links":{"self":[{"href":"https:\/\/espacoecologico.com.br\/arquivo\/wp-json\/wp\/v2\/posts\/105531"}],"collection":[{"href":"https:\/\/espacoecologico.com.br\/arquivo\/wp-json\/wp\/v2\/posts"}],"about":[{"href":"https:\/\/espacoecologico.com.br\/arquivo\/wp-json\/wp\/v2\/types\/post"}],"author":[{"embeddable":true,"href":"https:\/\/espacoecologico.com.br\/arquivo\/wp-json\/wp\/v2\/users\/2"}],"replies":[{"embeddable":true,"href":"https:\/\/espacoecologico.com.br\/arquivo\/wp-json\/wp\/v2\/comments?post=105531"}],"version-history":[{"count":0,"href":"https:\/\/espacoecologico.com.br\/arquivo\/wp-json\/wp\/v2\/posts\/105531\/revisions"}],"wp:featuredmedia":[{"embeddable":true,"href":"https:\/\/espacoecologico.com.br\/arquivo\/wp-json\/wp\/v2\/media\/105533"}],"wp:attachment":[{"href":"https:\/\/espacoecologico.com.br\/arquivo\/wp-json\/wp\/v2\/media?parent=105531"}],"wp:term":[{"taxonomy":"category","embeddable":true,"href":"https:\/\/espacoecologico.com.br\/arquivo\/wp-json\/wp\/v2\/categories?post=105531"},{"taxonomy":"post_tag","embeddable":true,"href":"https:\/\/espacoecologico.com.br\/arquivo\/wp-json\/wp\/v2\/tags?post=105531"}],"curies":[{"name":"wp","href":"https:\/\/api.w.org\/{rel}","templated":true}]}}