{"id":105514,"date":"2019-05-09T08:00:17","date_gmt":"2019-05-09T11:00:17","guid":{"rendered":"https:\/\/espacoecologico.com.br\/arquivo\/?p=105514"},"modified":"2019-05-08T21:14:47","modified_gmt":"2019-05-09T00:14:47","slug":"call4nature-cientistas-ambientalistas-e-celebridades-pedem-para-lideres-mundiais-salvarem-o-planeta","status":"publish","type":"post","link":"https:\/\/espacoecologico.com.br\/arquivo\/call4nature-cientistas-ambientalistas-e-celebridades-pedem-para-lideres-mundiais-salvarem-o-planeta\/","title":{"rendered":"Call4Nature: cientistas, ambientalistas e celebridades pedem para l\u00edderes mundiais salvarem o planeta"},"content":{"rendered":"<p><em><a href=\"https:\/\/espacoecologico.com.br\/arquivo\/wp-content\/uploads\/2019\/05\/meio_ambiente.jpg\"><img loading=\"lazy\" class=\"alignleft size-medium wp-image-105515\" src=\"https:\/\/espacoecologico.com.br\/arquivo\/wp-content\/uploads\/2019\/05\/meio_ambiente-300x192.jpg\" alt=\"\" width=\"300\" height=\"192\" srcset=\"https:\/\/espacoecologico.com.br\/arquivo\/wp-content\/uploads\/2019\/05\/meio_ambiente-300x192.jpg 300w, https:\/\/espacoecologico.com.br\/arquivo\/wp-content\/uploads\/2019\/05\/meio_ambiente.jpg 415w\" sizes=\"(max-width: 300px) 100vw, 300px\" \/><\/a>A\u00a0<strong>natureza<\/strong>\u00a0nos fornece a comida que comemos, o ar que respiramos e a \u00e1gua que bebemos. N\u00f3s dependemos dela para cultivar nossas planta\u00e7\u00f5es, para produzir nossos rem\u00e9dios, para nos abrigar e nos vestir. Quando n\u00f3s destru\u00edmos a natureza, n\u00f3s destru\u00edmos recursos essenciais dos quais todos n\u00f3s dependemos\u2026\u201d<\/em><\/p>\n<p>O trecho acima \u00e9 a abertura da carta\u00a0<em><strong>Call4Nature<\/strong><\/em>\u00a0<em>(Chamado pela Natureza, na tradu\u00e7\u00e3o para o portugu\u00eas),<\/em>que cerca de 600 renomados cientistas, ambientalistas, ativistas e celebridades escreveram em resposta \u00e0 publica\u00e7\u00e3o do relat\u00f3rio divulgado ontem (06\/05),\u00a0<a href=\"https:\/\/www.ipbes.net\/news\/Media-Release-Global-Assessment\" target=\"_blank\" rel=\"noreferrer noopener\">pelo\u00a0<\/a><em><a href=\"https:\/\/www.ipbes.net\/news\/Media-Release-Global-Assessment\" target=\"_blank\" rel=\"noreferrer noopener\">Intergovernmental Science-Policy Platform on Biodiversity and Ecosystem Services (IPBES)<\/a>,\u00a0<\/em>que entre outras coisas, alerta que\u00a0<a href=\"http:\/\/conexaoplaneta.com.br\/blog\/um-milhao-de-especies-estao-ameacadas-de-extincao-revela-novo-e-alarmante-relatorio-internacional\/\">um milh\u00e3o de esp\u00e9cies de plantas e animais est\u00e3o amea\u00e7adas de extin\u00e7\u00e3o.<\/a><\/p>\n<p>Entre os nomes que assinam a carta p\u00fablica est\u00e3o Jane Goodall, maior especialista mundial em chimpanz\u00e9s, o naturalista Chris Packham, a ex-presidente do WWF Internacional, Yolanda Kakabadse e diversos brasileiros, dentre eles, o cientista Carlos Nobre e o empres\u00e1rio Guilherme Leal, co-fundador e membro do conselho da Natura.<\/p>\n<p>Os signat\u00e1rios da\u00a0<em>Call4Nature\u00a0<\/em>falam sobre a grande onda de\u00a0<strong>extin\u00e7\u00e3o em massa<\/strong>\u00a0pela qual o planeta passa.<\/p>\n<p><em>\u201cO relat\u00f3rio do IPBES revelou o estado atual da vida na Terra. Ele mostra um quadro alarmante das extin\u00e7\u00f5es de esp\u00e9cies, decl\u00ednio da popula\u00e7\u00e3o selvagem, perda de habitat e servi\u00e7os ecossist\u00eamicos \u2013 aumentando ainda mais as j\u00e1 existentes evid\u00eancias de que estamos destruindo a natureza em um ritmo dram\u00e1tico e insustent\u00e1vel.<\/em><\/p>\n<p><em>O relat\u00f3rio tamb\u00e9m deixa clara a causa dessa destrui\u00e7\u00e3o: n\u00f3s. Estamos\u00a0<strong>derrubando nossas florestas<\/strong>, praticando a<strong>\u00a0sobrepesca<\/strong>\u00a0em nossos mares, poluindo nossos rios, degradando nossos solos e mudando nosso\u00a0<strong>clima<\/strong>. Isso representa uma amea\u00e7a urgente a toda a vida na Terra \u2013 incluindo a n\u00f3s mesmos\u201d.<\/em><\/p>\n<p>Apesar da amea\u00e7a iminente, o texto da carta ressalta de que ainda h\u00e1 tempo para mudar o rumo da hist\u00f3ria \u2013 do planeta e da humanidade.<\/p>\n<p><em>\u201cAinda h\u00e1 tempo para proteger o que resta e come\u00e7ar a restaurar a natureza. Mas para fazer isso, devemos mudar radicalmente a maneira como vivemos, incluindo como usamos energia para alimentar nossas sociedades, cultivamos nossos alimentos e gerenciamos nossos res\u00edduos. Este \u00e9 um desafio imenso, mas muitas das solu\u00e7\u00f5es j\u00e1 est\u00e3o nas nossas m\u00e3os.<\/em><\/p>\n<p><em>Cada um de n\u00f3s tem um papel a desempenhar nessa mudan\u00e7a. Mas n\u00f3s precisamos de voc\u00eas, nossos\u00a0<\/em><strong><em>l\u00edderes pol\u00edticos<\/em><\/strong><em>, para liderar \u2013 e nos colocar em um caminho para um futuro onde pessoas e natureza prosperem.<\/em><\/p>\n<p><em>No pr\u00f3ximo ano, h\u00e1 uma oportunidade imperd\u00edvel de escolher uma nova dire\u00e7\u00e3o para as pessoas e o planeta. Decis\u00f5es globais importantes ser\u00e3o tomadas sobre biodiversidade, mudan\u00e7as clim\u00e1ticas e desenvolvimento em uma s\u00e9rie de reuni\u00f5es da ONU, em 2020. Juntas, elas formar\u00e3o um plano de a\u00e7\u00e3o para a mudan\u00e7a, um verdadeiro New Deal para a natureza e as pessoas.<\/em><\/p>\n<p>Mas para que isso aconte\u00e7a, precisamos da a\u00e7\u00e3o decisiva e ambiciosa de voc\u00eas. Por isso hoje:<\/p>\n<p>Pedimos que voc\u00eas parem de financiar atividades que destruam a natureza.<\/p>\n<p>Pedimos que voc\u00eas acabem com o\u00a0<strong>desmatamento<\/strong>\u00a0e a degrada\u00e7\u00e3o da terra.<\/p>\n<p>Pedimos que voc\u00eas protejam nossos oceanos e a vida marinha, especialmente contra o\u00a0<strong>lixo pl\u00e1stico.<\/strong><\/p>\n<p>Pedimos que voc\u00eas incentivem a transi\u00e7\u00e3o para pr\u00e1ticas agr\u00edcolas sustent\u00e1veis.<\/p>\n<p>Pedimos que voc\u00eas implementem o Acordo de Paris para deter as\u00a0<strong>mudan\u00e7as clim\u00e1ticas.<\/strong><\/p>\n<p><em>O futuro de toda a vida na Terra depende desse equil\u00edbrio. N\u00f3s suplicamos que voc\u00eas ajam agora\u201d.<\/em><\/p>\n<p><em><a href=\"https:\/\/www.wwf.org.uk\/call4nature%EF%BB%BF\" target=\"_blank\" rel=\"noreferrer noopener\" aria-label=\"*Com informa\u00e7\u00f5es do WWF-Reino Unido  (opens in a new tab)\">*Com informa\u00e7\u00f5es do WWF-Reino Unido<\/a><\/em><\/p>\n<p><em>Foto: dom\u00ednio p\u00fablico\/pixabay<\/em><\/p>\n<div class=\"saboxplugin-authorname\"><a class=\"vcard author\" href=\"http:\/\/conexaoplaneta.com.br\/blog\/author\/scamargo\/\" rel=\"author\"><span class=\"fn\"><img loading=\"lazy\" class=\"size-full wp-image-236269 alignleft\" src=\"http:\/\/envolverde.cartacapital.com.br\/wp-content\/uploads\/suzana-camargo-conex%C3%A3o-planeta.jpeg\" alt=\"\" width=\"100\" height=\"100\" \/>Suzana Camargo \u2013\u00a0<\/span><\/a>Jornalista, j\u00e1 passou por r\u00e1dio, TV, revista e internet. Foi editora de jornalismo da Rede Globo, em Curitiba, onde trabalhou durante 6 anos. Entre 2007 e 2011, morou na Su\u00ed\u00e7a, de onde colaborou para publica\u00e7\u00f5es brasileiras, entre elas, Exame, Claudia, Elle, Superinteressante e Planeta Sustent\u00e1vel. Desde 2008 , escreve sobre temas como mudan\u00e7as clim\u00e1ticas, energias renov\u00e1veis e meio ambiente. Depois de dois anos e meio em Londres, vive agora em Washington D.C.<\/div>\n","protected":false},"excerpt":{"rendered":"<p>A\u00a0natureza\u00a0nos fornece a comida que comemos, o ar que respiramos e a \u00e1gua que bebemos.<\/p>\n","protected":false},"author":2,"featured_media":105515,"comment_status":"open","ping_status":"open","sticky":false,"template":"","format":"standard","meta":[],"categories":[],"tags":[],"uagb_featured_image_src":{"full":["https:\/\/espacoecologico.com.br\/arquivo\/wp-content\/uploads\/2019\/05\/meio_ambiente.jpg",415,265,false],"thumbnail":["https:\/\/espacoecologico.com.br\/arquivo\/wp-content\/uploads\/2019\/05\/meio_ambiente-150x150.jpg",150,150,true],"medium":["https:\/\/espacoecologico.com.br\/arquivo\/wp-content\/uploads\/2019\/05\/meio_ambiente-300x192.jpg",300,192,true],"medium_large":["https:\/\/espacoecologico.com.br\/arquivo\/wp-content\/uploads\/2019\/05\/meio_ambiente.jpg",415,265,false],"large":["https:\/\/espacoecologico.com.br\/arquivo\/wp-content\/uploads\/2019\/05\/meio_ambiente.jpg",415,265,false],"1536x1536":["https:\/\/espacoecologico.com.br\/arquivo\/wp-content\/uploads\/2019\/05\/meio_ambiente.jpg",415,265,false],"2048x2048":["https:\/\/espacoecologico.com.br\/arquivo\/wp-content\/uploads\/2019\/05\/meio_ambiente.jpg",415,265,false],"cream-magazine-thumbnail-2":["https:\/\/espacoecologico.com.br\/arquivo\/wp-content\/uploads\/2019\/05\/meio_ambiente.jpg",415,265,false],"cream-magazine-thumbnail-3":["https:\/\/espacoecologico.com.br\/arquivo\/wp-content\/uploads\/2019\/05\/meio_ambiente.jpg",415,265,false],"cream-magazine-thumbnail-4":["https:\/\/espacoecologico.com.br\/arquivo\/wp-content\/uploads\/2019\/05\/meio_ambiente.jpg",415,265,false]},"uagb_author_info":{"display_name":"","author_link":"https:\/\/espacoecologico.com.br\/arquivo\/author\/"},"uagb_comment_info":0,"uagb_excerpt":"A\u00a0natureza\u00a0nos fornece a comida que comemos, o ar que respiramos e a \u00e1gua que bebemos.","_links":{"self":[{"href":"https:\/\/espacoecologico.com.br\/arquivo\/wp-json\/wp\/v2\/posts\/105514"}],"collection":[{"href":"https:\/\/espacoecologico.com.br\/arquivo\/wp-json\/wp\/v2\/posts"}],"about":[{"href":"https:\/\/espacoecologico.com.br\/arquivo\/wp-json\/wp\/v2\/types\/post"}],"author":[{"embeddable":true,"href":"https:\/\/espacoecologico.com.br\/arquivo\/wp-json\/wp\/v2\/users\/2"}],"replies":[{"embeddable":true,"href":"https:\/\/espacoecologico.com.br\/arquivo\/wp-json\/wp\/v2\/comments?post=105514"}],"version-history":[{"count":0,"href":"https:\/\/espacoecologico.com.br\/arquivo\/wp-json\/wp\/v2\/posts\/105514\/revisions"}],"wp:featuredmedia":[{"embeddable":true,"href":"https:\/\/espacoecologico.com.br\/arquivo\/wp-json\/wp\/v2\/media\/105515"}],"wp:attachment":[{"href":"https:\/\/espacoecologico.com.br\/arquivo\/wp-json\/wp\/v2\/media?parent=105514"}],"wp:term":[{"taxonomy":"category","embeddable":true,"href":"https:\/\/espacoecologico.com.br\/arquivo\/wp-json\/wp\/v2\/categories?post=105514"},{"taxonomy":"post_tag","embeddable":true,"href":"https:\/\/espacoecologico.com.br\/arquivo\/wp-json\/wp\/v2\/tags?post=105514"}],"curies":[{"name":"wp","href":"https:\/\/api.w.org\/{rel}","templated":true}]}}