{"id":105510,"date":"2019-05-09T14:30:07","date_gmt":"2019-05-09T17:30:07","guid":{"rendered":"https:\/\/espacoecologico.com.br\/arquivo\/?p=105510"},"modified":"2019-05-08T21:09:50","modified_gmt":"2019-05-09T00:09:50","slug":"pesquisadores-afirmam-ter-criado-barreira-capaz-de-parar-o-cancer","status":"publish","type":"post","link":"https:\/\/espacoecologico.com.br\/arquivo\/pesquisadores-afirmam-ter-criado-barreira-capaz-de-parar-o-cancer\/","title":{"rendered":"Pesquisadores afirmam ter criado &#8220;barreira&#8221; capaz de parar o c\u00e2ncer"},"content":{"rendered":"<p><span class=\"intro\"><a href=\"https:\/\/espacoecologico.com.br\/arquivo\/wp-content\/uploads\/2019\/05\/cancer-1.jpg\"><img loading=\"lazy\" class=\"alignleft size-medium wp-image-105511\" src=\"https:\/\/espacoecologico.com.br\/arquivo\/wp-content\/uploads\/2019\/05\/cancer-1-300x192.jpg\" alt=\"\" width=\"300\" height=\"192\" srcset=\"https:\/\/espacoecologico.com.br\/arquivo\/wp-content\/uploads\/2019\/05\/cancer-1-300x192.jpg 300w, https:\/\/espacoecologico.com.br\/arquivo\/wp-content\/uploads\/2019\/05\/cancer-1.jpg 415w\" sizes=\"(max-width: 300px) 100vw, 300px\" \/><\/a>U<\/span>m estudo publicado no jornal\u00a0<a href=\"https:\/\/www.cell.com\/developmental-cell\/fulltext\/S1534-5807(19)30285-0#%20\">Developmental Cell <\/a>por um time de pesquisadores da Su\u00ed\u00e7a revelou um m\u00e9todo que pode bloquear a met\u00e1stase do c\u00e2ncer, impedindo que c\u00e9lulas cancer\u00edgenas de um tumor se espalhem pelo organismo.<\/p>\n<p>Uma esp\u00e9cie de \u201cbarreira\u201d para impedir que o c\u00e2ncer evolua foi constru\u00edda pelos cientistas, com o uso da prote\u00edna ativina B e um receptor ALK7. A dupla criou uma condi\u00e7\u00e3o chamada apoptose, na qual as c\u00e9lulas cancer\u00edgenas destroem a si mesmas naturalmente, prevenindo a forma\u00e7\u00e3o e a dispers\u00e3o de tumores.<\/p>\n<p>\u201cO estudo refor\u00e7a a no\u00e7\u00e3o de que a opoptose \u00e9 uma importante barreira para a tumorig\u00eanese\u201d,\u00a0<a href=\"https:\/\/actu.epfl.ch\/news\/a-barrier-that-keeps-cancer-at-bay\/\">afirmou\u00a0<\/a>em comunicado um dos autores do estudo, Douglas Hanahan, do Instituto Federal de Tecnologia de Lausanne (EPFL), na Su\u00ed\u00e7a.<\/p>\n<p>Os testes foram realizados apenas em ratos, mas os pesquisadores afirmam que o desenvolvimento de tumores nos roedores \u00e9 similar ao que ocorre no corpo humano.<\/p>\n<p>Foram estudados meios de conter o c\u00e2ncer pancre\u00e1tico, neuroend\u00f3crino e o de mama. Os pesquisadores tamb\u00e9m analisaram pacientes humanos com v\u00e1rios tipos de c\u00e2ncer e encontraram uma rela\u00e7\u00e3o entre a presen\u00e7a de ALK7 e a maior chance de reca\u00edda da doen\u00e7a.<\/p>\n<p>Particularmente em casos de c\u00e2ncer de mama, o processo de met\u00e1stase foi controlado por mais tempo quando havia altos n\u00edveis de ALK7. Por\u00e9m, os pesquisadores descobriram tamb\u00e9m que os c\u00e2nceres podem suprimir o ALK7, a ativina B ou ambas as estruturas.<\/p>\n<p>Ainda assim, mais testes ser\u00e3o necess\u00e1rios para confirmar se esses agentes &#8220;bloqueadores&#8221; seriam \u00fateis para um futuro tratamento contra o c\u00e2ncer, prevenindo o desenvolvimento de tumores malignos.<\/p>\n","protected":false},"excerpt":{"rendered":"<p>Um estudo publicado no jornal\u00a0Developmental Cell por um time de pesquisadores da Su\u00ed\u00e7a revelou um<\/p>\n","protected":false},"author":2,"featured_media":105511,"comment_status":"open","ping_status":"open","sticky":false,"template":"","format":"standard","meta":[],"categories":[],"tags":[],"uagb_featured_image_src":{"full":["https:\/\/espacoecologico.com.br\/arquivo\/wp-content\/uploads\/2019\/05\/cancer-1.jpg",415,265,false],"thumbnail":["https:\/\/espacoecologico.com.br\/arquivo\/wp-content\/uploads\/2019\/05\/cancer-1-150x150.jpg",150,150,true],"medium":["https:\/\/espacoecologico.com.br\/arquivo\/wp-content\/uploads\/2019\/05\/cancer-1-300x192.jpg",300,192,true],"medium_large":["https:\/\/espacoecologico.com.br\/arquivo\/wp-content\/uploads\/2019\/05\/cancer-1.jpg",415,265,false],"large":["https:\/\/espacoecologico.com.br\/arquivo\/wp-content\/uploads\/2019\/05\/cancer-1.jpg",415,265,false],"1536x1536":["https:\/\/espacoecologico.com.br\/arquivo\/wp-content\/uploads\/2019\/05\/cancer-1.jpg",415,265,false],"2048x2048":["https:\/\/espacoecologico.com.br\/arquivo\/wp-content\/uploads\/2019\/05\/cancer-1.jpg",415,265,false],"cream-magazine-thumbnail-2":["https:\/\/espacoecologico.com.br\/arquivo\/wp-content\/uploads\/2019\/05\/cancer-1.jpg",415,265,false],"cream-magazine-thumbnail-3":["https:\/\/espacoecologico.com.br\/arquivo\/wp-content\/uploads\/2019\/05\/cancer-1.jpg",415,265,false],"cream-magazine-thumbnail-4":["https:\/\/espacoecologico.com.br\/arquivo\/wp-content\/uploads\/2019\/05\/cancer-1.jpg",415,265,false]},"uagb_author_info":{"display_name":"","author_link":"https:\/\/espacoecologico.com.br\/arquivo\/author\/"},"uagb_comment_info":0,"uagb_excerpt":"Um estudo publicado no jornal\u00a0Developmental Cell por um time de pesquisadores da Su\u00ed\u00e7a revelou um","_links":{"self":[{"href":"https:\/\/espacoecologico.com.br\/arquivo\/wp-json\/wp\/v2\/posts\/105510"}],"collection":[{"href":"https:\/\/espacoecologico.com.br\/arquivo\/wp-json\/wp\/v2\/posts"}],"about":[{"href":"https:\/\/espacoecologico.com.br\/arquivo\/wp-json\/wp\/v2\/types\/post"}],"author":[{"embeddable":true,"href":"https:\/\/espacoecologico.com.br\/arquivo\/wp-json\/wp\/v2\/users\/2"}],"replies":[{"embeddable":true,"href":"https:\/\/espacoecologico.com.br\/arquivo\/wp-json\/wp\/v2\/comments?post=105510"}],"version-history":[{"count":0,"href":"https:\/\/espacoecologico.com.br\/arquivo\/wp-json\/wp\/v2\/posts\/105510\/revisions"}],"wp:featuredmedia":[{"embeddable":true,"href":"https:\/\/espacoecologico.com.br\/arquivo\/wp-json\/wp\/v2\/media\/105511"}],"wp:attachment":[{"href":"https:\/\/espacoecologico.com.br\/arquivo\/wp-json\/wp\/v2\/media?parent=105510"}],"wp:term":[{"taxonomy":"category","embeddable":true,"href":"https:\/\/espacoecologico.com.br\/arquivo\/wp-json\/wp\/v2\/categories?post=105510"},{"taxonomy":"post_tag","embeddable":true,"href":"https:\/\/espacoecologico.com.br\/arquivo\/wp-json\/wp\/v2\/tags?post=105510"}],"curies":[{"name":"wp","href":"https:\/\/api.w.org\/{rel}","templated":true}]}}