{"id":105506,"date":"2019-05-09T07:00:13","date_gmt":"2019-05-09T10:00:13","guid":{"rendered":"https:\/\/espacoecologico.com.br\/arquivo\/?p=105506"},"modified":"2019-05-08T21:03:57","modified_gmt":"2019-05-09T00:03:57","slug":"para-convencer-adultos-do-aquecimento-global-e-necessario-educar-as-criancas","status":"publish","type":"post","link":"https:\/\/espacoecologico.com.br\/arquivo\/para-convencer-adultos-do-aquecimento-global-e-necessario-educar-as-criancas\/","title":{"rendered":"Para convencer adultos do aquecimento global \u00e9 necess\u00e1rio educar as crian\u00e7as"},"content":{"rendered":"<p><span class=\"intro\"><a href=\"https:\/\/espacoecologico.com.br\/arquivo\/wp-content\/uploads\/2019\/05\/crianca-2.jpg\"><img loading=\"lazy\" class=\"alignleft size-medium wp-image-105507\" src=\"https:\/\/espacoecologico.com.br\/arquivo\/wp-content\/uploads\/2019\/05\/crianca-2-300x192.jpg\" alt=\"\" width=\"300\" height=\"192\" srcset=\"https:\/\/espacoecologico.com.br\/arquivo\/wp-content\/uploads\/2019\/05\/crianca-2-300x192.jpg 300w, https:\/\/espacoecologico.com.br\/arquivo\/wp-content\/uploads\/2019\/05\/crianca-2.jpg 415w\" sizes=\"(max-width: 300px) 100vw, 300px\" \/><\/a>U<\/span>m novo\u00a0<a href=\"https:\/\/www.nature.com\/articles\/s41558-019-0463-3\" target=\"_blank\" rel=\"noopener noreferrer\">estudo<\/a>\u00a0norte-americano mostra que a melhor forma de convencer adultos resistentes \u00e0 ideia do aquecimento global \u00e9 educando as crian\u00e7as, e enconrajando-as a conversar com os pais e respons\u00e1veis sobre o assunto.<\/p>\n<p>A pesquisa\u00a0<a href=\"https:\/\/www.reuters.com\/article\/us-usa-climatechange-education\/children-may-be-their-parents-best-climate-change-teachers-scientists-find-idUSKCN1SC1GR\" target=\"_blank\" rel=\"noopener noreferrer\">analisou<\/a> o impacto da educa\u00e7\u00e3o clim\u00e1tica em 238 fam\u00edlias com crian\u00e7as entre 10 e 14 anos. Os alunos participaram de quatro atividades de sala de aula explorando a mudan\u00e7a clim\u00e1tica e uma atividade baseada na aprendizagem, enquanto seus respons\u00e1veis foram convidados a explorar os projetos, al\u00e9m de serem entrevistados pelas crian\u00e7as. As perguntas envolviam quaisquer mudan\u00e7as clim\u00e1ticas que notaram durante a vida, como a eleva\u00e7\u00e3o do n\u00edvel do mar ou altera\u00e7\u00f5es na temperatura.<\/p>\n<p>Testes sobre a preocupa\u00e7\u00e3o dos adultos com o aquecimento global foram feitos antes e depois da atividade. Notavelmente, os pais que participaram da atividade mostraram um aumento na preocupa\u00e7\u00e3o com o meio ambiente, enquanto um grupo controle \u2014 que n\u00e3o participou das atividades escolares \u2014 manteve a forma como pensava.<\/p>\n<p>&#8220;Este modelo de aprendizagem intergeracional fornece um benef\u00edcio duplo&#8221;, disse a principal autora do artigo, Danielle Lawson, \u00e0\u00a0<a href=\"https:\/\/www.scientificamerican.com\/article\/children-change-their-parents-minds-about-climate-change\/\" target=\"_blank\" rel=\"noopener noreferrer\"><em>Scientific American<\/em><\/a>. \u201c[Prepara] as crian\u00e7as para o futuro, uma vez que v\u00e3o lidar com o peso do impacto das mudan\u00e7as clim\u00e1ticas. E capacita-os a ajudar a fazer a diferen\u00e7a na quest\u00e3o agora, fornecendo-lhes uma estrutura para ter conversas com as gera\u00e7\u00f5es mais velhas para nos unir para trabalhar na mudan\u00e7a clim\u00e1tica.\u201d<\/p>\n<p>A especialista acredita que as conversas sobre mudan\u00e7as clim\u00e1ticas foram mais f\u00e1ceis devido ao n\u00edvel de confian\u00e7a entre pais e filhos, o que n\u00e3o existe necessariamente entre dois adultos. Os autores tamb\u00e9m notaram que as meninas foram mais persuasivas que os meninos, e sugerem que as alunas podem ser mais preocupadas e se comuniquem melhor nessa faixa et\u00e1ria.<\/p>\n<p>A publica\u00e7\u00e3o, contudo, n\u00e3o mediu altera\u00e7\u00f5es no comportamento das fam\u00edlias, mas, para Lawson, fornece a esperan\u00e7a de &#8220;que se pudermos promover essa constru\u00e7\u00e3o de comunidade e de conversas sobre as mudan\u00e7as clim\u00e1ticas, podemos nos unir e trabalhar juntos em uma solu\u00e7\u00e3o&#8221;.<\/p>\n<p>Os autores do artigo, no entanto, ressalta que essa n\u00e3o \u00e9 uma quest\u00e3o necessariamente pol\u00edtica. &#8220;\u00c9 sobre educa\u00e7\u00e3o, n\u00e3o ativismo, e as crian\u00e7as s\u00e3o \u00f3timas educadoras&#8221;, relatou Kathryn Stevenson, co-autora do NC State, em um\u00a0<a href=\"https:\/\/www.eurekalert.org\/pub_releases\/2019-05\/ncsu-cef050219.php\" target=\"_blank\" rel=\"noopener noreferrer\">comunicado<\/a>\u00a0\u00e0 imprensa. &#8220;Eles parecem ajudar as pessoas a considerar criticamente maneiras pelas quais estar preocupado com a mudan\u00e7a clim\u00e1tica pode estar alinhado com seus valores&#8221;.<\/p>\n","protected":false},"excerpt":{"rendered":"<p>Um novo\u00a0estudo\u00a0norte-americano mostra que a melhor forma de convencer adultos resistentes \u00e0 ideia do aquecimento<\/p>\n","protected":false},"author":2,"featured_media":105507,"comment_status":"open","ping_status":"open","sticky":false,"template":"","format":"standard","meta":[],"categories":[],"tags":[],"uagb_featured_image_src":{"full":["https:\/\/espacoecologico.com.br\/arquivo\/wp-content\/uploads\/2019\/05\/crianca-2.jpg",415,265,false],"thumbnail":["https:\/\/espacoecologico.com.br\/arquivo\/wp-content\/uploads\/2019\/05\/crianca-2-150x150.jpg",150,150,true],"medium":["https:\/\/espacoecologico.com.br\/arquivo\/wp-content\/uploads\/2019\/05\/crianca-2-300x192.jpg",300,192,true],"medium_large":["https:\/\/espacoecologico.com.br\/arquivo\/wp-content\/uploads\/2019\/05\/crianca-2.jpg",415,265,false],"large":["https:\/\/espacoecologico.com.br\/arquivo\/wp-content\/uploads\/2019\/05\/crianca-2.jpg",415,265,false],"1536x1536":["https:\/\/espacoecologico.com.br\/arquivo\/wp-content\/uploads\/2019\/05\/crianca-2.jpg",415,265,false],"2048x2048":["https:\/\/espacoecologico.com.br\/arquivo\/wp-content\/uploads\/2019\/05\/crianca-2.jpg",415,265,false],"cream-magazine-thumbnail-2":["https:\/\/espacoecologico.com.br\/arquivo\/wp-content\/uploads\/2019\/05\/crianca-2.jpg",415,265,false],"cream-magazine-thumbnail-3":["https:\/\/espacoecologico.com.br\/arquivo\/wp-content\/uploads\/2019\/05\/crianca-2.jpg",415,265,false],"cream-magazine-thumbnail-4":["https:\/\/espacoecologico.com.br\/arquivo\/wp-content\/uploads\/2019\/05\/crianca-2.jpg",415,265,false]},"uagb_author_info":{"display_name":"","author_link":"https:\/\/espacoecologico.com.br\/arquivo\/author\/"},"uagb_comment_info":0,"uagb_excerpt":"Um novo\u00a0estudo\u00a0norte-americano mostra que a melhor forma de convencer adultos resistentes \u00e0 ideia do aquecimento","_links":{"self":[{"href":"https:\/\/espacoecologico.com.br\/arquivo\/wp-json\/wp\/v2\/posts\/105506"}],"collection":[{"href":"https:\/\/espacoecologico.com.br\/arquivo\/wp-json\/wp\/v2\/posts"}],"about":[{"href":"https:\/\/espacoecologico.com.br\/arquivo\/wp-json\/wp\/v2\/types\/post"}],"author":[{"embeddable":true,"href":"https:\/\/espacoecologico.com.br\/arquivo\/wp-json\/wp\/v2\/users\/2"}],"replies":[{"embeddable":true,"href":"https:\/\/espacoecologico.com.br\/arquivo\/wp-json\/wp\/v2\/comments?post=105506"}],"version-history":[{"count":0,"href":"https:\/\/espacoecologico.com.br\/arquivo\/wp-json\/wp\/v2\/posts\/105506\/revisions"}],"wp:featuredmedia":[{"embeddable":true,"href":"https:\/\/espacoecologico.com.br\/arquivo\/wp-json\/wp\/v2\/media\/105507"}],"wp:attachment":[{"href":"https:\/\/espacoecologico.com.br\/arquivo\/wp-json\/wp\/v2\/media?parent=105506"}],"wp:term":[{"taxonomy":"category","embeddable":true,"href":"https:\/\/espacoecologico.com.br\/arquivo\/wp-json\/wp\/v2\/categories?post=105506"},{"taxonomy":"post_tag","embeddable":true,"href":"https:\/\/espacoecologico.com.br\/arquivo\/wp-json\/wp\/v2\/tags?post=105506"}],"curies":[{"name":"wp","href":"https:\/\/api.w.org\/{rel}","templated":true}]}}