{"id":105501,"date":"2019-05-08T14:00:02","date_gmt":"2019-05-08T17:00:02","guid":{"rendered":"https:\/\/espacoecologico.com.br\/arquivo\/?p=105501"},"modified":"2019-05-08T09:26:29","modified_gmt":"2019-05-08T12:26:29","slug":"astronomos-teriam-detectado-um-buraco-negro-sugando-estrela-de-neutrons","status":"publish","type":"post","link":"https:\/\/espacoecologico.com.br\/arquivo\/astronomos-teriam-detectado-um-buraco-negro-sugando-estrela-de-neutrons\/","title":{"rendered":"Astr\u00f4nomos teriam detectado um buraco negro sugando estrela de n\u00eautrons"},"content":{"rendered":"<p><span class=\"intro\"><a href=\"https:\/\/espacoecologico.com.br\/arquivo\/wp-content\/uploads\/2019\/05\/buraco_negro.jpg\"><img loading=\"lazy\" class=\"alignleft size-medium wp-image-105502\" src=\"https:\/\/espacoecologico.com.br\/arquivo\/wp-content\/uploads\/2019\/05\/buraco_negro-300x192.jpg\" alt=\"\" width=\"300\" height=\"192\" srcset=\"https:\/\/espacoecologico.com.br\/arquivo\/wp-content\/uploads\/2019\/05\/buraco_negro-300x192.jpg 300w, https:\/\/espacoecologico.com.br\/arquivo\/wp-content\/uploads\/2019\/05\/buraco_negro.jpg 415w\" sizes=\"(max-width: 300px) 100vw, 300px\" \/><\/a>O<\/span>s astr\u00f4nomos podem ter observado pela primeira vez as ondas gravitacionais resultantes de uma estrela de n\u00eautrons sendo sugada por um buraco negro. Se confirmado, o evento, registrado pelos detectores g\u00eameos LIGO(EUA) e Virgem (It\u00e1lia), prova que ambos os objetos c\u00f3smicos podem se emparelhar em sistemas bin\u00e1rios.<\/p>\n<p>O Observat\u00f3rio de Ondas Gravitacionais por Interferometria a Laser (LIGO, na sigla em ingl\u00eas) foi desenvolvido para explorar o campo da astrof\u00edsica por meio da detec\u00e7\u00e3o de ondas gravitacionais, conforme previsto pela Teoria da Relatividade Geral de Albert Einstein.<\/p>\n<p>Os resultados das observa\u00e7\u00f5es revelariam novos detalhes sobre a natureza dessas fus\u00f5es, incluindo se a estrela de n\u00eautrons foi dilacerada antes de cruzar o limite do buraco negro ou se apenas foi &#8220;engolida&#8221;. Os especialistas, contudo, ainda n\u00e3o t\u00eam certeza de que foi isso que aconteceu \u2014 na verdade, eles acreditam que a possibilidade de que o evento tenha ocorrido seja de 13%.<\/p>\n<p>&#8220;Infelizmente, o sinal \u00e9 bastante fraco. \u00c9 como ouvir algu\u00e9m sussurrar uma palavra em um caf\u00e9 movimentado; pode ser dif\u00edcil distinguir a palavra ou at\u00e9 mesmo ter certeza de que a pessoa sussurrou. Vai levar algum tempo para chegarmos a uma conclus\u00e3o sobre esse acontecimento&#8221;, relatou Patrick Brady, porta-voz da Colabora\u00e7\u00e3o Cient\u00edfica do <strong>LIGO<\/strong>, em <a href=\"http:\/\/news.mit.edu\/2019\/ligo-virgo-detect-neutron-star-smash-ups-0502\" target=\"_blank\" rel=\"noopener noreferrer\">comunicado<\/a>.<\/p>\n<p>A diferen\u00e7a entre um buraco negro e uma estrela de n\u00eautrons n\u00e3o \u00e9 l\u00e1 muito grande, j\u00e1 que ambos s\u00e3o o resultado da morte de uma estrela. Uma vez que uma estrela queima seu suprimento de <strong>hidrog\u00eanio <\/strong>e derrama seu material externo em uma s\u00e9rie de explos\u00f5es, seu n\u00facleo colapsa sob seu pr\u00f3prio peso.<\/p>\n<p>Se esse n\u00facleo estiver abaixo de tr\u00eas vezes a massa do Sol (com a estrela original entre 10 e 30 vezes a massa do Sol), ela se tornar\u00e1 uma estrela de n\u00eautrons. Se \u00e9 mais do que tr\u00eas massas solares, torna-se um buraco negro. (Estrelas que s\u00e3o muito pequenas para se tornar estrelas de n\u00eautrons tornam-se an\u00e3s brancas \u2014 prov\u00e1vel destino do\u00a0<strong>Sol<\/strong>.).<\/p>\n<p>Considerando outras possibilidades, os cientistas lembram que \u00e0 medida que uma estrela de n\u00eautrons se desintegra e \u00e9 devorada por outra estrela, espera-se um surto de atividade eletromagn\u00e9tica \u2014 ainda n\u00e3o detectado: &#8220;O fato de ainda n\u00e3o encontrarmos uma contrapartida significaria que [o evento] est\u00e1 mais longe, o que \u00e9 mais consistente com um sistema de buraco negro de estrela de n\u00eautrons&#8221;, contou Gabriela Gonz\u00e1lez, membro da equipe, \u00e0 <a href=\"https:\/\/www.newscientist.com\/article\/2201200-ligo-may-have-just-spotted-a-black-hole-devouring-a-neutron-star\/\" target=\"_blank\" rel=\"noopener noreferrer\"><em>New Scientist<\/em><\/a>. &#8220;N\u00f3s n\u00e3o ver\u00edamos estrelas de n\u00eautrons bin\u00e1rias t\u00e3o longe.&#8221;<\/p>\n","protected":false},"excerpt":{"rendered":"<p>Os astr\u00f4nomos podem ter observado pela primeira vez as ondas gravitacionais resultantes de uma estrela<\/p>\n","protected":false},"author":2,"featured_media":105502,"comment_status":"open","ping_status":"open","sticky":false,"template":"","format":"standard","meta":[],"categories":[],"tags":[],"uagb_featured_image_src":{"full":["https:\/\/espacoecologico.com.br\/arquivo\/wp-content\/uploads\/2019\/05\/buraco_negro.jpg",415,265,false],"thumbnail":["https:\/\/espacoecologico.com.br\/arquivo\/wp-content\/uploads\/2019\/05\/buraco_negro-150x150.jpg",150,150,true],"medium":["https:\/\/espacoecologico.com.br\/arquivo\/wp-content\/uploads\/2019\/05\/buraco_negro-300x192.jpg",300,192,true],"medium_large":["https:\/\/espacoecologico.com.br\/arquivo\/wp-content\/uploads\/2019\/05\/buraco_negro.jpg",415,265,false],"large":["https:\/\/espacoecologico.com.br\/arquivo\/wp-content\/uploads\/2019\/05\/buraco_negro.jpg",415,265,false],"1536x1536":["https:\/\/espacoecologico.com.br\/arquivo\/wp-content\/uploads\/2019\/05\/buraco_negro.jpg",415,265,false],"2048x2048":["https:\/\/espacoecologico.com.br\/arquivo\/wp-content\/uploads\/2019\/05\/buraco_negro.jpg",415,265,false],"cream-magazine-thumbnail-2":["https:\/\/espacoecologico.com.br\/arquivo\/wp-content\/uploads\/2019\/05\/buraco_negro.jpg",415,265,false],"cream-magazine-thumbnail-3":["https:\/\/espacoecologico.com.br\/arquivo\/wp-content\/uploads\/2019\/05\/buraco_negro.jpg",415,265,false],"cream-magazine-thumbnail-4":["https:\/\/espacoecologico.com.br\/arquivo\/wp-content\/uploads\/2019\/05\/buraco_negro.jpg",415,265,false]},"uagb_author_info":{"display_name":"","author_link":"https:\/\/espacoecologico.com.br\/arquivo\/author\/"},"uagb_comment_info":0,"uagb_excerpt":"Os astr\u00f4nomos podem ter observado pela primeira vez as ondas gravitacionais resultantes de uma estrela","_links":{"self":[{"href":"https:\/\/espacoecologico.com.br\/arquivo\/wp-json\/wp\/v2\/posts\/105501"}],"collection":[{"href":"https:\/\/espacoecologico.com.br\/arquivo\/wp-json\/wp\/v2\/posts"}],"about":[{"href":"https:\/\/espacoecologico.com.br\/arquivo\/wp-json\/wp\/v2\/types\/post"}],"author":[{"embeddable":true,"href":"https:\/\/espacoecologico.com.br\/arquivo\/wp-json\/wp\/v2\/users\/2"}],"replies":[{"embeddable":true,"href":"https:\/\/espacoecologico.com.br\/arquivo\/wp-json\/wp\/v2\/comments?post=105501"}],"version-history":[{"count":0,"href":"https:\/\/espacoecologico.com.br\/arquivo\/wp-json\/wp\/v2\/posts\/105501\/revisions"}],"wp:featuredmedia":[{"embeddable":true,"href":"https:\/\/espacoecologico.com.br\/arquivo\/wp-json\/wp\/v2\/media\/105502"}],"wp:attachment":[{"href":"https:\/\/espacoecologico.com.br\/arquivo\/wp-json\/wp\/v2\/media?parent=105501"}],"wp:term":[{"taxonomy":"category","embeddable":true,"href":"https:\/\/espacoecologico.com.br\/arquivo\/wp-json\/wp\/v2\/categories?post=105501"},{"taxonomy":"post_tag","embeddable":true,"href":"https:\/\/espacoecologico.com.br\/arquivo\/wp-json\/wp\/v2\/tags?post=105501"}],"curies":[{"name":"wp","href":"https:\/\/api.w.org\/{rel}","templated":true}]}}