{"id":105498,"date":"2019-05-08T09:21:54","date_gmt":"2019-05-08T12:21:54","guid":{"rendered":"https:\/\/espacoecologico.com.br\/arquivo\/?p=105498"},"modified":"2019-05-08T09:21:54","modified_gmt":"2019-05-08T12:21:54","slug":"tigres-de-bengala-correm-risco-de-extincao-por-mudancas-climaticas","status":"publish","type":"post","link":"https:\/\/espacoecologico.com.br\/arquivo\/tigres-de-bengala-correm-risco-de-extincao-por-mudancas-climaticas\/","title":{"rendered":"Tigres-de-bengala correm risco de extin\u00e7\u00e3o por mudan\u00e7as clim\u00e1ticas"},"content":{"rendered":"<p><span class=\"intro\"><a href=\"https:\/\/espacoecologico.com.br\/arquivo\/wp-content\/uploads\/2019\/05\/tigre_bengala.jpg\"><img loading=\"lazy\" class=\"alignleft size-medium wp-image-105499\" src=\"https:\/\/espacoecologico.com.br\/arquivo\/wp-content\/uploads\/2019\/05\/tigre_bengala-300x192.jpg\" alt=\"\" width=\"300\" height=\"192\" srcset=\"https:\/\/espacoecologico.com.br\/arquivo\/wp-content\/uploads\/2019\/05\/tigre_bengala-300x192.jpg 300w, https:\/\/espacoecologico.com.br\/arquivo\/wp-content\/uploads\/2019\/05\/tigre_bengala.jpg 415w\" sizes=\"(max-width: 300px) 100vw, 300px\" \/><\/a>A<\/span>s mudan\u00e7as clim\u00e1ticas e o aumento do n\u00edvel do mar podem acabar com uma das maiores fortalezas de tigres do mundo: o mangue arb\u00f3reo de Sundarbans, em Bangladesh, que abriga centenas de esp\u00e9cies de animais. Entre eles est\u00e1\u00a0o tigre-de-bengala, amea\u00e7ado de extin\u00e7\u00e3o por causa da devasta\u00e7\u00e3o de seu habitat natural.<\/p>\n<p>Cerca de 70% da terra regi\u00e3o est\u00e1 a poucos metros acima do n\u00edvel do mar, e mudan\u00e7as graves devem acontecer na \u00e1rea, conforme apontou um novo estudo publicado na revista <em>Science of The Total Environment<\/em>. As altera\u00e7\u00f5es provocadas por um planeta em aquecimento ser\u00e3o &#8220;suficientes para dizimar&#8221; os poucos tigres-de-bengala que permanecem no pa\u00eds asi\u00e1tico. &#8220;At\u00e9 2070, n\u00e3o haver\u00e1 habitats de tigre adequados remanescentes em Sundarbans de Bangladesh&#8221;, concluiu a pesquisa.<\/p>\n<p>O documento, que se baseia em cen\u00e1rios clim\u00e1ticos desenvolvidos pelo Painel Intergovernamental sobre Mudan\u00e7as Clim\u00e1ticas (IPCC), complementa estudos que oferecem previs\u00f5es negativas para a vida selvagem em Sundarbans.<\/p>\n<p><em><strong>Olha a onda<\/strong><\/em><br \/>\nEm 2010, uma pesquisa conduzida pelo Fundo Mundial para a Natureza projetou que uma eleva\u00e7\u00e3o do n\u00edvel do mar de 11 polegadas poderia reduzir o n\u00famero de tigres na regi\u00e3o de Sundarbans em 96% dentro de algumas d\u00e9cadas.<\/p>\n<p>Sharif A. Mukul, autor do novo relat\u00f3rio sobre Sundarbans, e seus colegas buscaram quais eram os riscos para o tigre-de-bengala al\u00e9m da eleva\u00e7\u00e3o do n\u00edvel do mar\u00a0\u2013 que representa 5,4 %. Eles descobriram que entre 2050 e 2070, h\u00e1 11,3 % de chances da perda de habitat.<\/p>\n<div class=\"foto componente_materia midia-largura-1024\"><img loading=\"lazy\" class=\"img-responsive\" title=\"Tigre-de-bengala em Sundarbans (Foto: Soumyajit Nandy)\" src=\"https:\/\/s2.glbimg.com\/2a8ryKqRxuevnmm6VkwdmAlsNSQ=\/e.glbimg.com\/og\/ed\/f\/original\/2019\/05\/07\/1024px-sundarban_tiger.jpg\" alt=\"Tigre-de-bengala em Sundarbans (Foto: Soumyajit Nandy)\" width=\"639\" height=\"426\" \/><label class=\"foto-legenda\">Tigre-de-bengala em Sundarbans (Foto: Soumyajit Nandy)<\/label><\/div>\n<p>&nbsp;<\/p>\n<p>Desde o in\u00edcio de 1900, a devasta\u00e7\u00e3o do <a href=\"http:\/\/revistagalileu.globo.com\/Ciencia\/Meio-Ambiente\/noticia\/plantao.html\" target=\"_blank\" rel=\"noopener noreferrer\">meio ambiente<\/a>, a ca\u00e7a e o com\u00e9rcio ilegal de animais dizimou a popula\u00e7\u00e3o global de tigres em aproximadamente de 100 mil para menos de 4 mil.<\/p>\n<p>Em Sundarbans, o aumento de eventos clim\u00e1ticos extremos e mudan\u00e7as na vegeta\u00e7\u00e3o ir\u00e3o reduzir ainda mais a popula\u00e7\u00e3o do felino. E como o mangue inunda, confrontos podem crescer entre humanos e tigres, visto que o bicho se afasta de seu habitat em busca de novas terras.\u00a0&#8220;Muitas coisas podem acontecer&#8221;, disse Mukul ao jornal <a href=\"https:\/\/www.nytimes.com\/2019\/05\/06\/science\/tigers-climate-change-sundarbans.html?smid=fb-nytscience&amp;smtyp=cur&amp;fbclid=IwAR22CBx86izh9xf0NfVXpOIarm258sU4ou1y5U4q0i8XqVfnOgTIEU2Plvg\" target=\"_blank\" rel=\"noopener noreferrer\"><em>The New York Times<\/em><\/a>. &#8220;A situa\u00e7\u00e3o poderia ser ainda pior se houvesse um ciclone, surto de doen\u00e7as ou escassez de alimentos.&#8221;<\/p>\n<p><em><strong>Aquecimento global<\/strong><\/em><br \/>\nEm outubro de 2018, um relat\u00f3rio das Na\u00e7\u00f5es Unidas sobre mudan\u00e7as clim\u00e1ticas descobriu que, se as emiss\u00f5es de gases do efeito estufa continuarem na taxa atual, a atmosfera aqueceria at\u00e9 2,7 graus acima dos n\u00edveis pr\u00e9-industriais em 2040.<\/p>\n<p>Esse aumento teria consequ\u00eancias significativas para cadeias alimentares, recifes de corais e \u00e1reas propensas a inunda\u00e7\u00f5es. Tamb\u00e9m pode afetar desproporcionalmente os pa\u00edses mais pobres e densamente povoados, como Bangladesh, que abriga 160 milh\u00f5es de pessoas.<\/p>\n<p>Em uma an\u00e1lise de registros de oceanos, cientistas descobriram que as mar\u00e9s altas em Bangladesh estavam subindo mais r\u00e1pido do que a m\u00e9dia global.\u00a0Sugata Hazra, ocean\u00f3grafo da Universidade Jadavpur, na \u00cdndia, afirmou que pode haver perda de terra em Sundarbans, mas ele sugere que isso ter\u00e1 um impacto menos dram\u00e1tico sobre os tigres.<\/p>\n<p>De acordo com\u00a0Zahir Uddin Ahmed, funcion\u00e1rio do departamento florestal de Bangladesh, algumas medidas j\u00e1 foram tomadas para proteger as \u00e1reas baixas e os felinos que vivem no pa\u00eds. Ele declarou que o governo construiu muros de tempestades e introduziu alimentos que podem sobreviver a n\u00edveis mais elevados de salinidade da \u00e1gua.<\/p>\n","protected":false},"excerpt":{"rendered":"<p>As mudan\u00e7as clim\u00e1ticas e o aumento do n\u00edvel do mar podem acabar com uma das<\/p>\n","protected":false},"author":2,"featured_media":105499,"comment_status":"open","ping_status":"open","sticky":false,"template":"","format":"standard","meta":[],"categories":[],"tags":[],"uagb_featured_image_src":{"full":["https:\/\/espacoecologico.com.br\/arquivo\/wp-content\/uploads\/2019\/05\/tigre_bengala.jpg",415,265,false],"thumbnail":["https:\/\/espacoecologico.com.br\/arquivo\/wp-content\/uploads\/2019\/05\/tigre_bengala-150x150.jpg",150,150,true],"medium":["https:\/\/espacoecologico.com.br\/arquivo\/wp-content\/uploads\/2019\/05\/tigre_bengala-300x192.jpg",300,192,true],"medium_large":["https:\/\/espacoecologico.com.br\/arquivo\/wp-content\/uploads\/2019\/05\/tigre_bengala.jpg",415,265,false],"large":["https:\/\/espacoecologico.com.br\/arquivo\/wp-content\/uploads\/2019\/05\/tigre_bengala.jpg",415,265,false],"1536x1536":["https:\/\/espacoecologico.com.br\/arquivo\/wp-content\/uploads\/2019\/05\/tigre_bengala.jpg",415,265,false],"2048x2048":["https:\/\/espacoecologico.com.br\/arquivo\/wp-content\/uploads\/2019\/05\/tigre_bengala.jpg",415,265,false],"cream-magazine-thumbnail-2":["https:\/\/espacoecologico.com.br\/arquivo\/wp-content\/uploads\/2019\/05\/tigre_bengala.jpg",415,265,false],"cream-magazine-thumbnail-3":["https:\/\/espacoecologico.com.br\/arquivo\/wp-content\/uploads\/2019\/05\/tigre_bengala.jpg",415,265,false],"cream-magazine-thumbnail-4":["https:\/\/espacoecologico.com.br\/arquivo\/wp-content\/uploads\/2019\/05\/tigre_bengala.jpg",415,265,false]},"uagb_author_info":{"display_name":"","author_link":"https:\/\/espacoecologico.com.br\/arquivo\/author\/"},"uagb_comment_info":0,"uagb_excerpt":"As mudan\u00e7as clim\u00e1ticas e o aumento do n\u00edvel do mar podem acabar com uma das","_links":{"self":[{"href":"https:\/\/espacoecologico.com.br\/arquivo\/wp-json\/wp\/v2\/posts\/105498"}],"collection":[{"href":"https:\/\/espacoecologico.com.br\/arquivo\/wp-json\/wp\/v2\/posts"}],"about":[{"href":"https:\/\/espacoecologico.com.br\/arquivo\/wp-json\/wp\/v2\/types\/post"}],"author":[{"embeddable":true,"href":"https:\/\/espacoecologico.com.br\/arquivo\/wp-json\/wp\/v2\/users\/2"}],"replies":[{"embeddable":true,"href":"https:\/\/espacoecologico.com.br\/arquivo\/wp-json\/wp\/v2\/comments?post=105498"}],"version-history":[{"count":0,"href":"https:\/\/espacoecologico.com.br\/arquivo\/wp-json\/wp\/v2\/posts\/105498\/revisions"}],"wp:featuredmedia":[{"embeddable":true,"href":"https:\/\/espacoecologico.com.br\/arquivo\/wp-json\/wp\/v2\/media\/105499"}],"wp:attachment":[{"href":"https:\/\/espacoecologico.com.br\/arquivo\/wp-json\/wp\/v2\/media?parent=105498"}],"wp:term":[{"taxonomy":"category","embeddable":true,"href":"https:\/\/espacoecologico.com.br\/arquivo\/wp-json\/wp\/v2\/categories?post=105498"},{"taxonomy":"post_tag","embeddable":true,"href":"https:\/\/espacoecologico.com.br\/arquivo\/wp-json\/wp\/v2\/tags?post=105498"}],"curies":[{"name":"wp","href":"https:\/\/api.w.org\/{rel}","templated":true}]}}