{"id":105493,"date":"2019-05-08T08:45:09","date_gmt":"2019-05-08T11:45:09","guid":{"rendered":"https:\/\/espacoecologico.com.br\/arquivo\/?p=105493"},"modified":"2019-05-08T08:46:25","modified_gmt":"2019-05-08T11:46:25","slug":"peste-suina-africana-na-china-coloca-em-alerta-o-mercado-mundial","status":"publish","type":"post","link":"https:\/\/espacoecologico.com.br\/arquivo\/peste-suina-africana-na-china-coloca-em-alerta-o-mercado-mundial\/","title":{"rendered":"Peste su\u00edna africana na China coloca em alerta o mercado mundial"},"content":{"rendered":"<article id=\"materia-parsed-corpo\" class=\"texto\">\n<div class=\"ctx_content protected-content\">\n<div>\n<p><span class=\"intro\"><a href=\"https:\/\/espacoecologico.com.br\/arquivo\/wp-content\/uploads\/2019\/05\/peste_suina.jpg\"><img loading=\"lazy\" class=\"alignleft size-medium wp-image-105494\" src=\"https:\/\/espacoecologico.com.br\/arquivo\/wp-content\/uploads\/2019\/05\/peste_suina-300x192.jpg\" alt=\"\" width=\"300\" height=\"192\" srcset=\"https:\/\/espacoecologico.com.br\/arquivo\/wp-content\/uploads\/2019\/05\/peste_suina-300x192.jpg 300w, https:\/\/espacoecologico.com.br\/arquivo\/wp-content\/uploads\/2019\/05\/peste_suina.jpg 415w\" sizes=\"(max-width: 300px) 100vw, 300px\" \/><\/a>M<\/span>aior produtor, consumidor e importador de carne su\u00edna do mundo, a China vive um surto da peste su\u00edna africana e coloca o mundo em alerta. A doen\u00e7a \u00e9 altamente contagiosa, n\u00e3o tem cura nem vacina. Segundo levantamento do Rabobank, mais de 1 milh\u00e3o de animais j\u00e1 foram sacrificados no pa\u00eds e a estimativa \u00e9 que outros milh\u00f5es tenham o mesmo fim. Mais de 120 focos da doen\u00e7a j\u00e1 foram identificados em diferentes regi\u00f5es da China.<\/p>\n<p>Os impactos dessa epidemia no gigante asi\u00e1tico foram comentados por Cassiano Ribeiro, editor da revista Globo Rural, no CBN Agroneg\u00f3cios desta ter\u00e7a-feira (07\/05). Confira o programa na \u00edntegra pelo player abaixo.<\/p>\n<div class=\"youtube componente_materia\"><iframe loading=\"lazy\" src=\"https:\/\/cbn.globoradio.globo.com\/Player\/widget.htm?audio=3\/2019\/05\/07\/259049_20190507&amp;url=https:\/\/cbn.globoradio.globo.com\/media\/audio\/259049\/peste-suina-na-china-coloca-em-alerta-o-mercado-pr.htm&amp;titulo=Peste%20su%C3%ADna%20na%20China%20coloca%20em%20alerta%20o%20mercado%20produtor%20no%20mundo&amp;cat=CBN%20Agroneg%C3%B3cios\" width=\"600\" height=\"220\" frameborder=\"0\" marginwidth=\"600\" marginheight=\"220\" scrolling=\"no\" data-mce-fragment=\"1\"><\/iframe><\/div>\n<\/div>\n<p>&nbsp;<\/p>\n<\/div>\n<\/article>\n<div id=\"outbrain_widget_0\" class=\"OUTBRAIN\" data-src=\"https:\/\/revistagloborural.globo.com\/Noticias\/Criacao\/Suinos\/noticia\/2019\/05\/peste-suina-africana-na-china-coloca-em-alerta-o-mercado-mundial.html\" data-widget-id=\"AR_1\" data-ob-template=\"globorural\" data-ob-mark=\"true\" data-browser=\"firefox\" data-os=\"win32\" data-dynload=\"\" data-idx=\"0\">\n<div class=\"ob-widget ob-strip-layout AR_1\">\n<div class=\"ob-widget-section ob-first\">\n<div class=\"ob-widget-header\">Links Patrocinados<\/div>\n<\/div>\n<\/div>\n<\/div>\n","protected":false},"excerpt":{"rendered":"<p>Maior produtor, consumidor e importador de carne su\u00edna do mundo, a China vive um surto<\/p>\n","protected":false},"author":2,"featured_media":105494,"comment_status":"open","ping_status":"open","sticky":false,"template":"","format":"standard","meta":[],"categories":[],"tags":[],"uagb_featured_image_src":{"full":["https:\/\/espacoecologico.com.br\/arquivo\/wp-content\/uploads\/2019\/05\/peste_suina.jpg",415,265,false],"thumbnail":["https:\/\/espacoecologico.com.br\/arquivo\/wp-content\/uploads\/2019\/05\/peste_suina-150x150.jpg",150,150,true],"medium":["https:\/\/espacoecologico.com.br\/arquivo\/wp-content\/uploads\/2019\/05\/peste_suina-300x192.jpg",300,192,true],"medium_large":["https:\/\/espacoecologico.com.br\/arquivo\/wp-content\/uploads\/2019\/05\/peste_suina.jpg",415,265,false],"large":["https:\/\/espacoecologico.com.br\/arquivo\/wp-content\/uploads\/2019\/05\/peste_suina.jpg",415,265,false],"1536x1536":["https:\/\/espacoecologico.com.br\/arquivo\/wp-content\/uploads\/2019\/05\/peste_suina.jpg",415,265,false],"2048x2048":["https:\/\/espacoecologico.com.br\/arquivo\/wp-content\/uploads\/2019\/05\/peste_suina.jpg",415,265,false],"cream-magazine-thumbnail-2":["https:\/\/espacoecologico.com.br\/arquivo\/wp-content\/uploads\/2019\/05\/peste_suina.jpg",415,265,false],"cream-magazine-thumbnail-3":["https:\/\/espacoecologico.com.br\/arquivo\/wp-content\/uploads\/2019\/05\/peste_suina.jpg",415,265,false],"cream-magazine-thumbnail-4":["https:\/\/espacoecologico.com.br\/arquivo\/wp-content\/uploads\/2019\/05\/peste_suina.jpg",415,265,false]},"uagb_author_info":{"display_name":"","author_link":"https:\/\/espacoecologico.com.br\/arquivo\/author\/"},"uagb_comment_info":0,"uagb_excerpt":"Maior produtor, consumidor e importador de carne su\u00edna do mundo, a China vive um surto","_links":{"self":[{"href":"https:\/\/espacoecologico.com.br\/arquivo\/wp-json\/wp\/v2\/posts\/105493"}],"collection":[{"href":"https:\/\/espacoecologico.com.br\/arquivo\/wp-json\/wp\/v2\/posts"}],"about":[{"href":"https:\/\/espacoecologico.com.br\/arquivo\/wp-json\/wp\/v2\/types\/post"}],"author":[{"embeddable":true,"href":"https:\/\/espacoecologico.com.br\/arquivo\/wp-json\/wp\/v2\/users\/2"}],"replies":[{"embeddable":true,"href":"https:\/\/espacoecologico.com.br\/arquivo\/wp-json\/wp\/v2\/comments?post=105493"}],"version-history":[{"count":0,"href":"https:\/\/espacoecologico.com.br\/arquivo\/wp-json\/wp\/v2\/posts\/105493\/revisions"}],"wp:featuredmedia":[{"embeddable":true,"href":"https:\/\/espacoecologico.com.br\/arquivo\/wp-json\/wp\/v2\/media\/105494"}],"wp:attachment":[{"href":"https:\/\/espacoecologico.com.br\/arquivo\/wp-json\/wp\/v2\/media?parent=105493"}],"wp:term":[{"taxonomy":"category","embeddable":true,"href":"https:\/\/espacoecologico.com.br\/arquivo\/wp-json\/wp\/v2\/categories?post=105493"},{"taxonomy":"post_tag","embeddable":true,"href":"https:\/\/espacoecologico.com.br\/arquivo\/wp-json\/wp\/v2\/tags?post=105493"}],"curies":[{"name":"wp","href":"https:\/\/api.w.org\/{rel}","templated":true}]}}