{"id":105489,"date":"2019-05-08T13:00:19","date_gmt":"2019-05-08T16:00:19","guid":{"rendered":"https:\/\/espacoecologico.com.br\/arquivo\/?p=105489"},"modified":"2019-05-08T08:38:35","modified_gmt":"2019-05-08T11:38:35","slug":"como-serao-as-maquinas-agricolas-do-futuro-na-visao-do-presidente-da-case","status":"publish","type":"post","link":"https:\/\/espacoecologico.com.br\/arquivo\/como-serao-as-maquinas-agricolas-do-futuro-na-visao-do-presidente-da-case\/","title":{"rendered":"Como ser\u00e3o as m\u00e1quinas agr\u00edcolas do futuro na vis\u00e3o do presidente da Case"},"content":{"rendered":"<p><a href=\"https:\/\/espacoecologico.com.br\/arquivo\/wp-content\/uploads\/2019\/05\/brad_crew.jpg\"><img loading=\"lazy\" class=\"alignleft size-medium wp-image-105490\" src=\"https:\/\/espacoecologico.com.br\/arquivo\/wp-content\/uploads\/2019\/05\/brad_crew-300x192.jpg\" alt=\"\" width=\"300\" height=\"192\" srcset=\"https:\/\/espacoecologico.com.br\/arquivo\/wp-content\/uploads\/2019\/05\/brad_crew-300x192.jpg 300w, https:\/\/espacoecologico.com.br\/arquivo\/wp-content\/uploads\/2019\/05\/brad_crew.jpg 415w\" sizes=\"(max-width: 300px) 100vw, 300px\" \/><\/a>O visitante que observa espantado as colheitadeiras, plantadeiras e pulverizadoras gigantes nos estandes de feiras agropecu\u00e1rias ou concession\u00e1rias pode pensar que as m\u00e1quinas agr\u00edcolas chegaram ao tamanho limite, teoria j\u00e1 defendida por alguns especialistas do setor. Em visita \u00e0 <a href=\"https:\/\/revistagloborural.globo.com\/Noticias\/Feiras\/noticia\/2019\/05\/agrishow-movimenta-r-29-bilhoes-e-crescimento-fica-abaixo-do-esperado.html\" target=\"_blank\" rel=\"noopener noreferrer\"><strong>Agrishow<\/strong><\/a>, realizada em Ribeir\u00e3o Preto (SP) entre 29 de abril e 3 de maio, o presidente mundial da Case IH, Brad Crews, que assumiu o cargo h\u00e1 dois meses, discorda. \u201cAs m\u00e1quinas do futuro ser\u00e3o ainda maiores e, especialmente na Am\u00e9rica do Sul, elas ser\u00e3o necess\u00e1rias. Teremos no campo um enxame de colheitadeiras aut\u00f4nomas sem operador lideradas por outra com um operador.\u201d<\/p>\n<div class=\"frase-materia componente_materia expandido\">\n<div class=\"frase\">Teremos no campo um enxame de colheitadeiras aut\u00f4nomas sem operador lideradas por outra com um operador&#8221;<\/div>\n<div class=\"autor\">Brad Crews<\/div>\n<\/div>\n<p>O norte-americano Crews, que havia deixado a CNH em 2017, ap\u00f3s 23 anos de empresa, disse que volta da aposentadoria para liderar a Case no caminho para a maior revolu\u00e7\u00e3o que o agroneg\u00f3cio vai passar nos pr\u00f3ximos 20 anos. Essa revolu\u00e7\u00e3o inclui a autonomia das m\u00e1quinas, a digitaliza\u00e7\u00e3o crescente dos dados e a servitiza\u00e7\u00e3o, transforma\u00e7\u00e3o dos produtos em servi\u00e7os.<\/p>\n<p>O executivo acredita que o produtor brasileiro, que ele classifica com um dos melhores do mundo, vai superar num futuro pr\u00f3ximo a falta de conectividade no campo, as m\u00e1quinas v\u00e3o \u201cconversar\u201d entre si e a transmiss\u00e3o de dados em tempo real vai resultar em aumento da produtividade. Uma das solu\u00e7\u00f5es, diz, \u00e9 o <strong><a href=\"https:\/\/revistagloborural.globo.com\/Noticias\/Feiras\/noticia\/2019\/04\/empresas-do-agro-e-de-telecomunicacao-se-unem-para-levar-conexao-ao-campo.html\" target=\"_blank\" rel=\"noopener noreferrer\">ConectarAgro<\/a><\/strong>, servi\u00e7o lan\u00e7ado pela CNH e mais sete empresas na <strong><a href=\"https:\/\/revistagloborural.globo.com\/Noticias\/Feiras\/noticia\/2019\/05\/agrishow-movimenta-r-29-bilhoes-e-crescimento-fica-abaixo-do-esperado.html\" target=\"_blank\" rel=\"noopener noreferrer\">Agrishow<\/a><\/strong> deste ano para levar conex\u00e3o 4G 700 Mhz para as propriedades rurais.<\/p>\n<div class=\"foto componente_materia midia-largura-780\"><img loading=\"lazy\" class=\"img-responsive\" title=\"agrishow-maquinas-agricolas-brad-crews-presidente-case (Foto: Joel Silva\/Ed.Globo)\" src=\"https:\/\/s2.glbimg.com\/eyKg0M19K83lo_2O0pXsTpDgroQ=\/780x440\/e.glbimg.com\/og\/ed\/f\/original\/2019\/05\/07\/whatsapp_image_2019-05-01_at_14.51.31.jpeg\" alt=\"agrishow-maquinas-agricolas-brad-crews-presidente-case (Foto: Joel Silva\/Ed.Globo)\" width=\"640\" height=\"361\" \/><label class=\"foto-legenda\">Colheitadeira da Case exposta em Ribeir\u00e3o Preto (Foto: Joel Silva\/Ed.Globo)<\/label><\/div>\n<p>Dentre as mudan\u00e7as que prev\u00ea na agricultura do futuro, Crews cita tamb\u00e9m a substitui\u00e7\u00e3o dos pulverizadores por drones e mudan\u00e7as radicais na regula\u00e7\u00e3o dos qu\u00edmicos. Sobre o avan\u00e7o da IA (Intelig\u00eancia Artificial) no campo, o presidente acredita que alguns equipamentos, como os pulverizadores, e a log\u00edstica da cana-de-a\u00e7\u00facar ser\u00e3o mais impactados pelas novidades. \u201cSer\u00e1 mais uma evolu\u00e7\u00e3o do que uma revolu\u00e7\u00e3o.\u201d<\/p>\n<p>Sem citar n\u00fameros, Crews afirma que a Case deve investir pesado no Brasil nos pr\u00f3ximos anos no desenvolvimento de colheitadeiras de gr\u00e3os, colhedoras de cana, plantadeiras, pulverizadores e tratores. \u201cCada vez teremos mais equipamentos desenvolvidos especialmente para atender as necessidades dos produtores brasileiros.\u201d Ele justifica esse investiimento dizendo que a intensidade das opera\u00e7\u00f5es agr\u00edcolas no Brasil, especialmente no Mato Grosso, s\u00e3o muito maiores do que em qualquer outro lugar do mundo.<\/p>\n<p>O presidente diz que as m\u00e1quinas da Case que ser\u00e3o desenvolvidas nos pr\u00f3ximos anos dever\u00e3o ter arquitetura aberta para conex\u00e3o com equipamentos multimarcas dos clientes. Segundo ele, a ferramenta de agricultura de precis\u00e3o da Case j\u00e1 \u00e9 aberta.<\/p>\n<p>Neste ano, a multinacional comemora 75 anos da mecaniza\u00e7\u00e3o da colheita de cana no mundo com o lan\u00e7amento de uma edi\u00e7\u00e3o especial da colhedora A8810 Single Row, assinada por John Pearce, australiano que trouxe ao Brasil a tecnologia Austoft, embarcada nas m\u00e1quinas da Case. A colhedora, fabricada na cor preta em vez do vermelho tradicional, est\u00e1 em exposi\u00e7\u00e3o na Agrishow.<\/p>\n","protected":false},"excerpt":{"rendered":"<p>O visitante que observa espantado as colheitadeiras, plantadeiras e pulverizadoras gigantes nos estandes de feiras<\/p>\n","protected":false},"author":2,"featured_media":105490,"comment_status":"open","ping_status":"open","sticky":false,"template":"","format":"standard","meta":[],"categories":[],"tags":[],"uagb_featured_image_src":{"full":["https:\/\/espacoecologico.com.br\/arquivo\/wp-content\/uploads\/2019\/05\/brad_crew.jpg",415,265,false],"thumbnail":["https:\/\/espacoecologico.com.br\/arquivo\/wp-content\/uploads\/2019\/05\/brad_crew-150x150.jpg",150,150,true],"medium":["https:\/\/espacoecologico.com.br\/arquivo\/wp-content\/uploads\/2019\/05\/brad_crew-300x192.jpg",300,192,true],"medium_large":["https:\/\/espacoecologico.com.br\/arquivo\/wp-content\/uploads\/2019\/05\/brad_crew.jpg",415,265,false],"large":["https:\/\/espacoecologico.com.br\/arquivo\/wp-content\/uploads\/2019\/05\/brad_crew.jpg",415,265,false],"1536x1536":["https:\/\/espacoecologico.com.br\/arquivo\/wp-content\/uploads\/2019\/05\/brad_crew.jpg",415,265,false],"2048x2048":["https:\/\/espacoecologico.com.br\/arquivo\/wp-content\/uploads\/2019\/05\/brad_crew.jpg",415,265,false],"cream-magazine-thumbnail-2":["https:\/\/espacoecologico.com.br\/arquivo\/wp-content\/uploads\/2019\/05\/brad_crew.jpg",415,265,false],"cream-magazine-thumbnail-3":["https:\/\/espacoecologico.com.br\/arquivo\/wp-content\/uploads\/2019\/05\/brad_crew.jpg",415,265,false],"cream-magazine-thumbnail-4":["https:\/\/espacoecologico.com.br\/arquivo\/wp-content\/uploads\/2019\/05\/brad_crew.jpg",415,265,false]},"uagb_author_info":{"display_name":"","author_link":"https:\/\/espacoecologico.com.br\/arquivo\/author\/"},"uagb_comment_info":0,"uagb_excerpt":"O visitante que observa espantado as colheitadeiras, plantadeiras e pulverizadoras gigantes nos estandes de feiras","_links":{"self":[{"href":"https:\/\/espacoecologico.com.br\/arquivo\/wp-json\/wp\/v2\/posts\/105489"}],"collection":[{"href":"https:\/\/espacoecologico.com.br\/arquivo\/wp-json\/wp\/v2\/posts"}],"about":[{"href":"https:\/\/espacoecologico.com.br\/arquivo\/wp-json\/wp\/v2\/types\/post"}],"author":[{"embeddable":true,"href":"https:\/\/espacoecologico.com.br\/arquivo\/wp-json\/wp\/v2\/users\/2"}],"replies":[{"embeddable":true,"href":"https:\/\/espacoecologico.com.br\/arquivo\/wp-json\/wp\/v2\/comments?post=105489"}],"version-history":[{"count":0,"href":"https:\/\/espacoecologico.com.br\/arquivo\/wp-json\/wp\/v2\/posts\/105489\/revisions"}],"wp:featuredmedia":[{"embeddable":true,"href":"https:\/\/espacoecologico.com.br\/arquivo\/wp-json\/wp\/v2\/media\/105490"}],"wp:attachment":[{"href":"https:\/\/espacoecologico.com.br\/arquivo\/wp-json\/wp\/v2\/media?parent=105489"}],"wp:term":[{"taxonomy":"category","embeddable":true,"href":"https:\/\/espacoecologico.com.br\/arquivo\/wp-json\/wp\/v2\/categories?post=105489"},{"taxonomy":"post_tag","embeddable":true,"href":"https:\/\/espacoecologico.com.br\/arquivo\/wp-json\/wp\/v2\/tags?post=105489"}],"curies":[{"name":"wp","href":"https:\/\/api.w.org\/{rel}","templated":true}]}}