{"id":105485,"date":"2019-05-08T12:30:11","date_gmt":"2019-05-08T15:30:11","guid":{"rendered":"https:\/\/espacoecologico.com.br\/arquivo\/?p=105485"},"modified":"2019-05-07T22:09:09","modified_gmt":"2019-05-08T01:09:09","slug":"acre-produz-607-toneladas-de-lixo-por-dia-e-e-o-2o-estado-do-pais-que-menos-recicla-aponta-estudo","status":"publish","type":"post","link":"https:\/\/espacoecologico.com.br\/arquivo\/acre-produz-607-toneladas-de-lixo-por-dia-e-e-o-2o-estado-do-pais-que-menos-recicla-aponta-estudo\/","title":{"rendered":"Acre produz 607 toneladas de lixo por dia e \u00e9 o 2\u00ba estado do pa\u00eds que menos recicla, aponta estudo"},"content":{"rendered":"<div class=\"mc-column content-text active-extra-styles active-capital-letter\" data-block-type=\"unstyled\" data-block-weight=\"31\" data-block-id=\"2\">\n<p class=\"content-text__container theme-color-primary-first-letter\" data-track-category=\"Link no Texto\" data-track-links=\"\"><a href=\"https:\/\/espacoecologico.com.br\/arquivo\/wp-content\/uploads\/2019\/05\/pneus.jpg\"><img loading=\"lazy\" class=\"alignleft size-medium wp-image-105486\" src=\"https:\/\/espacoecologico.com.br\/arquivo\/wp-content\/uploads\/2019\/05\/pneus-300x192.jpg\" alt=\"\" width=\"300\" height=\"192\" srcset=\"https:\/\/espacoecologico.com.br\/arquivo\/wp-content\/uploads\/2019\/05\/pneus-300x192.jpg 300w, https:\/\/espacoecologico.com.br\/arquivo\/wp-content\/uploads\/2019\/05\/pneus.jpg 415w\" sizes=\"(max-width: 300px) 100vw, 300px\" \/><\/a>O Acre recicla apenas 0,4% de todo o lixo produzido no estado, segundo um relat\u00f3rio da Associa\u00e7\u00e3o Brasileira de Empresas de Limpeza P\u00fablica e Res\u00edduos Especiais (Abrelpe), divulgado nesta sexta-feira (26).<\/p>\n<\/div>\n<div class=\"wall protected-content\">\n<div class=\"mc-column content-text active-extra-styles \" data-block-type=\"unstyled\" data-block-weight=\"49\" data-block-id=\"3\">\n<p class=\"content-text__container \" data-track-category=\"Link no Texto\" data-track-links=\"\">Conforme os dados, s\u00e3o produzidas no estado 607 toneladas de lixo urbano por dia, sendo que 52,80% s\u00e3o destinados de forma adequada. Em Rio Branco, segundo a Secretaria de Zeladoria da cidade, s\u00e3o coletadas 230 toneladas por dia e, com rela\u00e7\u00e3o \u00e0 disposi\u00e7\u00e3o inadequada, s\u00e3o 138 toneladas por dia.<\/p>\n<\/div>\n<div class=\"mc-column content-text active-extra-styles \" data-block-type=\"unstyled\" data-block-weight=\"50\" data-block-id=\"4\">\n<p class=\"content-text__container \" data-track-category=\"Link no Texto\" data-track-links=\"\">O levantamento mostra ainda que em 2017, das 607 toneladas produzidas no estado acreano, 238 foram despejadas inadequadamente. Apesar de estar entre os estados que menos faz reciclagem do lixo, o Acre aparece ainda como o 2\u00ba que menos produz lixo, ficando atr\u00e1s apenas de Teresina, que recicla somente 0,21%.<\/p>\n<\/div>\n<div class=\"mc-column content-text active-extra-styles \" data-block-type=\"unstyled\" data-block-weight=\"41\" data-block-id=\"5\">\n<p class=\"content-text__container \" data-track-category=\"Link no Texto\" data-track-links=\"\">O relat\u00f3rio aponta que as capitais dos estados que mais produzem res\u00edduos est\u00e3o entre as que menos reciclam. Na cidade de S\u00e3o Paulo, somente 3% do coletado vai para reaproveitamento e no Rio de Janeiro, o n\u00famero \u00e9 ainda menor, 2,72%.<\/p>\n<\/div>\n<div class=\"row medium-uncollapsed content-media content-photo\" data-block-type=\"backstage-photo\" data-block-id=\"6\">\n<div class=\"mc-column content-media__container\">\n<div class=\"progressive-img can-open-lightbox\" data-min-size=\"1008x671\" data-min-size-url=\"https:\/\/s2.glbimg.com\/wIAe5NIviDjqYjmHnJWRaW3u3B0=\/0x0:1280x853\/1008x0\/smart\/filters:strip_icc()\/i.s3.glbimg.com\/v1\/AUTH_59edd422c0c84a879bd37670ae4f538a\/internal_photos\/bs\/2017\/R\/u\/nSDKPDRGelebiAyd3a3g\/ecoponto1.jpg\" data-max-size=\"1600x1066\" data-max-size-url=\"https:\/\/s2.glbimg.com\/TBXjhO2K0tRBsH0a82QsVSwIodQ=\/0x0:1280x853\/1600x0\/smart\/filters:strip_icc()\/i.s3.glbimg.com\/v1\/AUTH_59edd422c0c84a879bd37670ae4f538a\/internal_photos\/bs\/2017\/R\/u\/nSDKPDRGelebiAyd3a3g\/ecoponto1.jpg\" data-media-index=\"1\">\n<div class=\"placeholder-container\"><\/div>\n<picture><img loading=\"lazy\" class=\"image content-media__image progressive-loaded\" title=\"Sem coleta seletiva, Rio Branco faz reciclagem com material descartado em um ecoponto \u2014 Foto: Ascom\/Prefeitura de Rio Branco\" src=\"https:\/\/s2.glbimg.com\/UdDfj2__EHvROXglLbADs6KSJlI=\/0x0:1280x853\/984x0\/smart\/filters:strip_icc()\/i.s3.glbimg.com\/v1\/AUTH_59edd422c0c84a879bd37670ae4f538a\/internal_photos\/bs\/2017\/R\/u\/nSDKPDRGelebiAyd3a3g\/ecoponto1.jpg\" alt=\"Sem coleta seletiva, Rio Branco faz reciclagem com material descartado em um ecoponto \u2014 Foto: Ascom\/Prefeitura de Rio Branco\" width=\"639\" height=\"426\" data-src=\"https:\/\/s2.glbimg.com\/UdDfj2__EHvROXglLbADs6KSJlI=\/0x0:1280x853\/984x0\/smart\/filters:strip_icc()\/i.s3.glbimg.com\/v1\/AUTH_59edd422c0c84a879bd37670ae4f538a\/internal_photos\/bs\/2017\/R\/u\/nSDKPDRGelebiAyd3a3g\/ecoponto1.jpg\" \/><\/picture><\/div>\n<p class=\"content-media__description \">Sem coleta seletiva, Rio Branco faz reciclagem com material descartado em um ecoponto \u2014 Foto: Ascom\/Prefeitura de Rio Branco<\/p>\n<\/div>\n<\/div>\n<div class=\"mc-column content-text active-extra-styles\" data-block-type=\"raw\" data-block-weight=\"4\" data-block-id=\"7\">\n<div class=\"content-intertitle\">\n<h2>Ecoponto em Rio Branco<\/h2>\n<\/div>\n<\/div>\n<div class=\"mc-column content-text active-extra-styles \" data-block-type=\"unstyled\" data-block-weight=\"54\" data-block-id=\"8\">\n<p class=\"content-text__container \" data-track-category=\"Link no Texto\" data-track-links=\"\">O estudo mostra que os 0,4% de lixo reciclado foram na capital acreana, Rio Branco. O secret\u00e1rio Municipal de Zeladoria, Kellyton Silva Carvalho, afirmou que n\u00e3o \u00e9 feita coleta seletiva na cidade, mas que existe um\u00a0<a href=\"https:\/\/g1.globo.com\/ac\/acre\/noticia\/rio-branco-inaugura-primeiro-ecoponto-para-descarte-de-materiais-reaproveitaveis.ghtml\">ecoponto instalado no Conjunto Tucum\u00e3<\/a>, onde os moradores levam o lixo e a equipe d\u00e1 a destina\u00e7\u00e3o correta.<\/p>\n<\/div>\n<div class=\"mc-column content-text active-extra-styles \" data-block-type=\"unstyled\" data-block-weight=\"48\" data-block-id=\"10\">\n<p class=\"content-text__container \" data-track-category=\"Link no Texto\" data-track-links=\"\">\u201cRealmente, o munic\u00edpio n\u00e3o tem coleta seletiva implantada. A \u00fanica coleta que existe \u00e9 ainda a parceria da prefeitura com as cooperativas de catadores e a\u00ed a gente faz a destina\u00e7\u00e3o de material atrav\u00e9s da rede do ecoponto, no Tucum\u00e3, e locais de entregas volunt\u00e1rias\u201d, disse o secret\u00e1rio.<\/p>\n<\/div>\n<div class=\"mc-column content-text active-extra-styles \" data-block-type=\"unstyled\" data-block-weight=\"46\" data-block-id=\"11\">\n<p class=\"content-text__container \" data-track-category=\"Link no Texto\" data-track-links=\"\">A prefeitura pretende inaugurar, ainda em 2019, mais dois ecopontos para tentar ampliar a rede de coleta seletiva. \u201cA rede prev\u00ea que sejam 14 ecopontos distribu\u00eddos em todas as regionais do munic\u00edpio de Rio Branco. Temos um funcionando e esse ano queremos inaugurar mais dois\u201d, afirmou.<\/p>\n<\/div>\n<div class=\"mc-column content-text active-extra-styles \" data-block-type=\"unstyled\" data-block-weight=\"45\" data-block-id=\"12\">\n<p class=\"content-text__container \" data-track-category=\"Link no Texto\" data-track-links=\"\">Carvalho acrescentou que um edital deve ser lan\u00e7ado at\u00e9 o final do ano para a licita\u00e7\u00e3o de dois carros de coleta seletiva para ir de casa em casa. Segundo o secret\u00e1rio, Rio Branco tem um aterro onde \u00e9 feito o despejo do lixo urbano coletado.<\/p>\n<\/div>\n<div class=\"mc-column content-text active-extra-styles \" data-block-type=\"unstyled\" data-block-weight=\"53\" data-block-id=\"13\">\n<p class=\"content-text__container \" data-track-category=\"Link no Texto\" data-track-links=\"\">\u201cA previs\u00e3o \u00e9 de que o munic\u00edpio tenha uma coleta seletiva implantada a partir de janeiro de 2020. E deve aumentar essa porcentagem de reciclagem. Enquanto a gente vai reduzindo a coleta do res\u00edduo domiciliar, vai aumentar a seletiva e vai depender muito dos moradores, que devem fazer a sele\u00e7\u00e3o do lixo\u201d, disse.<\/p>\n<\/div>\n<div class=\"row medium-uncollapsed content-media content-photo\" data-block-type=\"backstage-photo\" data-block-id=\"14\">\n<div class=\"mc-column content-media__container\">\n<div class=\"progressive-img can-open-lightbox\" data-min-size=\"1008x631\" data-min-size-url=\"https:\/\/s2.glbimg.com\/V9BydvKP8aDjfg6Cnxm_rBbYblI=\/0x0:1700x1065\/1008x0\/smart\/filters:strip_icc()\/s.glbimg.com\/jo\/g1\/f\/original\/2016\/04\/02\/lixao.jpg\" data-max-size=\"1600x1002\" data-max-size-url=\"https:\/\/s2.glbimg.com\/CCjI5Td61tlFDT0ntSNtM1RegYs=\/0x0:1700x1065\/1600x0\/smart\/filters:strip_icc()\/s.glbimg.com\/jo\/g1\/f\/original\/2016\/04\/02\/lixao.jpg\" data-media-index=\"2\">\n<div class=\"placeholder-container\"><\/div>\n<picture><img loading=\"lazy\" class=\"image content-media__image progressive-loaded\" title=\"Cruzeiro do Sul quer ser a primeira cidade do AC a transformar lixo em energia el\u00e9trica \u2014 Foto: Anny Barbosa\/G1\" src=\"https:\/\/s2.glbimg.com\/0erIChRsChUBSS40o2DN20DUQfk=\/0x0:1700x1065\/984x0\/smart\/filters:strip_icc()\/s.glbimg.com\/jo\/g1\/f\/original\/2016\/04\/02\/lixao.jpg\" alt=\"Cruzeiro do Sul quer ser a primeira cidade do AC a transformar lixo em energia el\u00e9trica \u2014 Foto: Anny Barbosa\/G1\" width=\"640\" height=\"401\" data-src=\"https:\/\/s2.glbimg.com\/0erIChRsChUBSS40o2DN20DUQfk=\/0x0:1700x1065\/984x0\/smart\/filters:strip_icc()\/s.glbimg.com\/jo\/g1\/f\/original\/2016\/04\/02\/lixao.jpg\" \/><\/picture><\/div>\n<p class=\"content-media__description \">Cruzeiro do Sul quer ser a primeira cidade do AC a transformar lixo em energia el\u00e9trica \u2014 Foto: Anny Barbosa\/G1<\/p>\n<\/div>\n<\/div>\n<div class=\"mc-column content-text active-extra-styles\" data-block-type=\"raw\" data-block-weight=\"6\" data-block-id=\"15\">\n<div class=\"content-intertitle\">\n<h2>Projeto ousado em Cruzeiro do Sul<\/h2>\n<\/div>\n<\/div>\n<div class=\"mc-column content-text active-extra-styles \" data-block-type=\"unstyled\" data-block-weight=\"36\" data-block-id=\"16\">\n<p class=\"content-text__container \" data-track-category=\"Link no Texto\" data-track-links=\"\">A segunda maior cidade do Acre, Cruzeiro do Sul, anunciou um projeto ousado em fevereiro deste ano: ser a\u00a0<a href=\"https:\/\/g1.globo.com\/ac\/cruzeiro-do-sul-regiao\/noticia\/2019\/02\/27\/cruzeiro-do-sul-quer-ser-a-primeira-cidade-do-ac-a-transformar-lixo-em-energia-eletrica.ghtml?fbclid=IwAR3G-LjmYuHtAydLRghyC5ZacNGluTSgSYadIlRawfhrSF5uKkBCYBDLnBQ\">primeira cidade acreana autossustent\u00e1vel na gera\u00e7\u00e3o de energia el\u00e9trica atrav\u00e9s da reciclagem do lixo<\/a> produzido no munic\u00edpio.<\/p>\n<\/div>\n<div class=\"mc-column content-text active-extra-styles \" data-block-type=\"unstyled\" data-block-weight=\"41\" data-block-id=\"18\">\n<p class=\"content-text__container \" data-track-category=\"Link no Texto\" data-track-links=\"\">O Centro Brasileiro Para a Conserva\u00e7\u00e3o da Natureza (CBCN) informou que as tecnologias que ser\u00e3o usadas na usina, que vai gerar energia a partir do lixo, j\u00e1 foram definidas. A previs\u00e3o \u00e9 que o novo procedimento seja instalado ainda esse ano.<\/p>\n<\/div>\n<div data-track-category=\"multicontent\" data-track-action=\"ultimo chunk conteudo\" data-track-noninteraction=\"false\" data-track-scroll=\"view\">\n<div class=\"mc-column content-text active-extra-styles \" data-block-type=\"unstyled\" data-block-weight=\"24\" data-block-id=\"19\">\n<p class=\"content-text__container \" data-track-category=\"Link no Texto\" data-track-links=\"\">Al\u00e9m de evitar o ac\u00famulo da grande quantidade de lixo em aterro sanit\u00e1rio, a usina vai tornar o munic\u00edpio autossustent\u00e1vel na produ\u00e7\u00e3o de energia.<\/p>\n<\/div>\n<\/div>\n<\/div>\n","protected":false},"excerpt":{"rendered":"<p>O Acre recicla apenas 0,4% de todo o lixo produzido no estado, segundo um relat\u00f3rio<\/p>\n","protected":false},"author":2,"featured_media":105486,"comment_status":"open","ping_status":"open","sticky":false,"template":"","format":"standard","meta":[],"categories":[],"tags":[],"uagb_featured_image_src":{"full":["https:\/\/espacoecologico.com.br\/arquivo\/wp-content\/uploads\/2019\/05\/pneus.jpg",415,265,false],"thumbnail":["https:\/\/espacoecologico.com.br\/arquivo\/wp-content\/uploads\/2019\/05\/pneus-150x150.jpg",150,150,true],"medium":["https:\/\/espacoecologico.com.br\/arquivo\/wp-content\/uploads\/2019\/05\/pneus-300x192.jpg",300,192,true],"medium_large":["https:\/\/espacoecologico.com.br\/arquivo\/wp-content\/uploads\/2019\/05\/pneus.jpg",415,265,false],"large":["https:\/\/espacoecologico.com.br\/arquivo\/wp-content\/uploads\/2019\/05\/pneus.jpg",415,265,false],"1536x1536":["https:\/\/espacoecologico.com.br\/arquivo\/wp-content\/uploads\/2019\/05\/pneus.jpg",415,265,false],"2048x2048":["https:\/\/espacoecologico.com.br\/arquivo\/wp-content\/uploads\/2019\/05\/pneus.jpg",415,265,false],"cream-magazine-thumbnail-2":["https:\/\/espacoecologico.com.br\/arquivo\/wp-content\/uploads\/2019\/05\/pneus.jpg",415,265,false],"cream-magazine-thumbnail-3":["https:\/\/espacoecologico.com.br\/arquivo\/wp-content\/uploads\/2019\/05\/pneus.jpg",415,265,false],"cream-magazine-thumbnail-4":["https:\/\/espacoecologico.com.br\/arquivo\/wp-content\/uploads\/2019\/05\/pneus.jpg",415,265,false]},"uagb_author_info":{"display_name":"","author_link":"https:\/\/espacoecologico.com.br\/arquivo\/author\/"},"uagb_comment_info":0,"uagb_excerpt":"O Acre recicla apenas 0,4% de todo o lixo produzido no estado, segundo um relat\u00f3rio","_links":{"self":[{"href":"https:\/\/espacoecologico.com.br\/arquivo\/wp-json\/wp\/v2\/posts\/105485"}],"collection":[{"href":"https:\/\/espacoecologico.com.br\/arquivo\/wp-json\/wp\/v2\/posts"}],"about":[{"href":"https:\/\/espacoecologico.com.br\/arquivo\/wp-json\/wp\/v2\/types\/post"}],"author":[{"embeddable":true,"href":"https:\/\/espacoecologico.com.br\/arquivo\/wp-json\/wp\/v2\/users\/2"}],"replies":[{"embeddable":true,"href":"https:\/\/espacoecologico.com.br\/arquivo\/wp-json\/wp\/v2\/comments?post=105485"}],"version-history":[{"count":0,"href":"https:\/\/espacoecologico.com.br\/arquivo\/wp-json\/wp\/v2\/posts\/105485\/revisions"}],"wp:featuredmedia":[{"embeddable":true,"href":"https:\/\/espacoecologico.com.br\/arquivo\/wp-json\/wp\/v2\/media\/105486"}],"wp:attachment":[{"href":"https:\/\/espacoecologico.com.br\/arquivo\/wp-json\/wp\/v2\/media?parent=105485"}],"wp:term":[{"taxonomy":"category","embeddable":true,"href":"https:\/\/espacoecologico.com.br\/arquivo\/wp-json\/wp\/v2\/categories?post=105485"},{"taxonomy":"post_tag","embeddable":true,"href":"https:\/\/espacoecologico.com.br\/arquivo\/wp-json\/wp\/v2\/tags?post=105485"}],"curies":[{"name":"wp","href":"https:\/\/api.w.org\/{rel}","templated":true}]}}