{"id":105473,"date":"2019-05-08T10:00:08","date_gmt":"2019-05-08T13:00:08","guid":{"rendered":"https:\/\/espacoecologico.com.br\/arquivo\/?p=105473"},"modified":"2019-05-07T21:46:55","modified_gmt":"2019-05-08T00:46:55","slug":"reciclabilidade-versus-durabilidade-o-dificil-problema-dos-eletronicos","status":"publish","type":"post","link":"https:\/\/espacoecologico.com.br\/arquivo\/reciclabilidade-versus-durabilidade-o-dificil-problema-dos-eletronicos\/","title":{"rendered":"Reciclabilidade versus durabilidade: O dif\u00edcil problema dos eletr\u00f4nicos"},"content":{"rendered":"<p><strong><a href=\"https:\/\/espacoecologico.com.br\/arquivo\/wp-content\/uploads\/2019\/05\/energia.jpg\"><img loading=\"lazy\" class=\"alignleft size-medium wp-image-105474\" src=\"https:\/\/espacoecologico.com.br\/arquivo\/wp-content\/uploads\/2019\/05\/energia-300x192.jpg\" alt=\"\" width=\"300\" height=\"192\" srcset=\"https:\/\/espacoecologico.com.br\/arquivo\/wp-content\/uploads\/2019\/05\/energia-300x192.jpg 300w, https:\/\/espacoecologico.com.br\/arquivo\/wp-content\/uploads\/2019\/05\/energia.jpg 415w\" sizes=\"(max-width: 300px) 100vw, 300px\" \/><\/a><\/strong>Os pain\u00e9is de energia solar est\u00e3o se multiplicando por todo o mundo, em uma mostra clara da preocupa\u00e7\u00e3o com a ado\u00e7\u00e3o de fontes de energia mais sustent\u00e1veis.<\/p>\n<p>Mas o que vai acontecer com todos esses pain\u00e9is solares dentro de algumas poucas d\u00e9cadas, quando eles chegarem ao fim de sua vida \u00fatil? E quanto aos aparelhos eletr\u00f4nicos, que tipicamente t\u00eam uma vida \u00fatil ainda menor?<\/p>\n<p>&#8220;Tem havido muita preocupa\u00e7\u00e3o nos c\u00edrculos de sustentabilidade de que os fabricantes est\u00e3o fazendo coisas com per\u00edodos de vida cada vez mais curtos, e os produtos talvez sejam intencionalmente feitos para se tornar obsoletos para induzir sua substitui\u00e7\u00e3o mediante novas compras,&#8221; destaca a professora Beril Toktay, do Instituto de Tecnologia da Ge\u00f3rgia, nos EUA.<\/p>\n<p><strong>Responsabilidade estendida do fabricante<\/strong><\/p>\n<p>Com essa preocupa\u00e7\u00e3o em mente, Toktay e seus colegas decidiram dar uma olhada nas pol\u00edticas governamentais que est\u00e3o sendo adotadas para &#8220;encorajar&#8221; os fabricantes de equipamentos eletr\u00f4nicos a pensar mais no que acontece no final do ciclo de vida do produto.<\/p>\n<p>Esses programas, comumente chamados de leis de responsabilidade estendida do fabricante (REF), t\u00eam dois objetivos principais em mente: Fazer com que os fabricantes projetem seus produtos para serem mais f\u00e1ceis de reciclar ou fazer com que eles aumentem a durabilidade dos produtos para aumentar sua vida \u00fatil.<\/p>\n<p>No entanto, os pesquisadores descobriram que essas duas metas geralmente est\u00e3o em desacordo, n\u00e3o levando necessariamente a um ganho real &#8211; muitas vezes elas se mostram excludentes, e n\u00e3o complementares.<\/p>\n<p>&#8220;O que descobrimos \u00e9 que, algumas vezes, quando voc\u00ea projeta para reciclabilidade, voc\u00ea desiste da durabilidade, e, quando a durabilidade \u00e9 o objetivo, a reciclabilidade \u00e9 sacrificada,&#8221; disse Toktay.<\/p>\n<p>A conclus\u00e3o \u00e9 que, em alguns casos, as pol\u00edticas de REF (responsabilidade estendida do fabricante) podem levar ao aumento da gera\u00e7\u00e3o de res\u00edduos se os projetistas tornarem os produtos mais recicl\u00e1veis, por\u00e9m menos dur\u00e1veis, ou levarem a um aumento das emiss\u00f5es de gases de efeito estufa se os produtos forem mais dur\u00e1veis, mas menos recicl\u00e1veis.<\/p>\n<div class=\"imgMeioD\"><img src=\"https:\/\/www.inovacaotecnologica.com.br\/noticias\/imagens\/010125190507-metais-preciosos-lixo-eletronico.jpg\" alt=\"Reciclabilidade versus durabilidade: O dif\u00edcil problema dos eletr\u00f4nicos\" \/><br clear=\"all\" \/><\/p>\n<div class=\"menor\">Em todo o mundo h\u00e1 grupos trabalhando em\u00a0<a href=\"https:\/\/www.inovacaotecnologica.com.br\/noticias\/noticia.php?artigo=brasil-desenvolve-tecnologia-reciclar-metais-preciosos-lixo-eletronico&amp;id=010125180704\" target=\"_blank\" rel=\"noopener noreferrer\">tecnologias para reciclar os metais preciosos do lixo eletr\u00f4nico<\/a>. [Imagem: CTI Renato Archer]<\/div>\n<\/div>\n<p><strong>Design ambientalmente respons\u00e1vel<\/strong><\/p>\n<p>Em teoria, um produto que seja f\u00e1cil de reciclar e mais dur\u00e1vel seria o ponto culminante do design de produto ambientalmente respons\u00e1vel &#8211; autom\u00f3veis com estruturas de metal mais grossas que duram mais tamb\u00e9m t\u00eam mais materiais recicl\u00e1veis, por exemplo. Nesse cen\u00e1rio, as pol\u00edticas de REF enfatizando a durabilidade e a reciclagem funcionam lado a lado.<\/p>\n<p>&#8220;\u00c0s vezes, escolhas simples que os projetistas fazem, como usar cola ou rebites para montar um dispositivo, realmente afetam a capacidade de reciclagem no final da vida,&#8221; destaca a pesquisadora Natalie Huang, da Universidade de Minnesota.<\/p>\n<p>Contudo, o que \u00e9 mais frequente \u00e9 que n\u00e3o exista tal sinergia.<\/p>\n<p>No caso dos pain\u00e9is fotovoltaicos, os pesquisadores destacam como os pain\u00e9is de pel\u00edcula fina &#8211; baseados na\u00a0<a href=\"https:\/\/www.inovacaotecnologica.com.br\/noticias\/meta.php?meta=Eletr%F4nica%20Org%E2nica\" target=\"_blank\" rel=\"noopener noreferrer\">eletr\u00f4nica org\u00e2nica<\/a>, as chamadas\u00a0<a href=\"https:\/\/www.inovacaotecnologica.com.br\/noticias\/noticia.php?artigo=celulas-solares-plastico-ficam-ainda-mais-simples&amp;id=010115180219\" target=\"_blank\" rel=\"noopener noreferrer\">c\u00e9lulas solares de pl\u00e1stico<\/a>\u00a0&#8211; s\u00e3o muito mais econ\u00f4micos para reciclar do que os pain\u00e9is solares tradicionais de sil\u00edcio porque cont\u00eam metais preciosos. Enquanto isso, os pain\u00e9is de sil\u00edcio cristalino, que n\u00e3o s\u00e3o t\u00e3o eficientes em termos de custo para reciclar, t\u00eam vida \u00fatil muito mais longa porque seus componentes se degradam muito mais lentamente.<\/p>\n<p>&#8220;Compensa\u00e7\u00f5es desse tipo s\u00e3o comuns e, portanto, de uma perspectiva de formula\u00e7\u00e3o de pol\u00edticas, n\u00e3o h\u00e1 uma abordagem \u00fanica que funcione,&#8221; disse o pesquisador Atalay Atasu. &#8220;Voc\u00ea realmente tem que distinguir entre diferentes categorias de produtos para considerar as implica\u00e7\u00f5es de reciclabilidade e durabilidade e certificar-se de que sua pol\u00edtica n\u00e3o est\u00e1 em conflito com o objetivo.&#8221;<\/p>\n<p><strong>Modelo de decis\u00e3o<\/strong><\/p>\n<p>Para ajudar a determinar como as pol\u00edticas governamentais poderiam impactar produtos individuais, os pesquisadores criaram um modelo matem\u00e1tico para ajudar a prever o impacto que essas pol\u00edticas teriam sobre os produtos com base em seus materiais e suas caracter\u00edsticas de projeto.<\/p>\n<p>Entre os fatores que o modelo leva em conta est\u00e3o o custo de produ\u00e7\u00e3o do produto, o grau de dificuldade em aumentar a reciclabilidade e a durabilidade, o grau de intera\u00e7\u00e3o entre reciclabilidade e durabilidade no design do produto e as propriedades de reciclagem do produto.<\/p>\n<div class=\"biblio\"><b>Bibliografia:<\/b><\/p>\n<p><i>Design Implications of Extended Producer Responsibility for Durable Products<\/i><br \/>\nXimin (Natalie) Huang, Atalay Atasu, L. Beril Toktay<br \/>\nManagement Science<br \/>\nDOI: 10.1287\/mnsc.2018.3072<\/div>\n","protected":false},"excerpt":{"rendered":"<p>Os pain\u00e9is de energia solar est\u00e3o se multiplicando por todo o mundo, em uma mostra<\/p>\n","protected":false},"author":2,"featured_media":105474,"comment_status":"open","ping_status":"open","sticky":false,"template":"","format":"standard","meta":[],"categories":[],"tags":[],"uagb_featured_image_src":{"full":["https:\/\/espacoecologico.com.br\/arquivo\/wp-content\/uploads\/2019\/05\/energia.jpg",415,265,false],"thumbnail":["https:\/\/espacoecologico.com.br\/arquivo\/wp-content\/uploads\/2019\/05\/energia-150x150.jpg",150,150,true],"medium":["https:\/\/espacoecologico.com.br\/arquivo\/wp-content\/uploads\/2019\/05\/energia-300x192.jpg",300,192,true],"medium_large":["https:\/\/espacoecologico.com.br\/arquivo\/wp-content\/uploads\/2019\/05\/energia.jpg",415,265,false],"large":["https:\/\/espacoecologico.com.br\/arquivo\/wp-content\/uploads\/2019\/05\/energia.jpg",415,265,false],"1536x1536":["https:\/\/espacoecologico.com.br\/arquivo\/wp-content\/uploads\/2019\/05\/energia.jpg",415,265,false],"2048x2048":["https:\/\/espacoecologico.com.br\/arquivo\/wp-content\/uploads\/2019\/05\/energia.jpg",415,265,false],"cream-magazine-thumbnail-2":["https:\/\/espacoecologico.com.br\/arquivo\/wp-content\/uploads\/2019\/05\/energia.jpg",415,265,false],"cream-magazine-thumbnail-3":["https:\/\/espacoecologico.com.br\/arquivo\/wp-content\/uploads\/2019\/05\/energia.jpg",415,265,false],"cream-magazine-thumbnail-4":["https:\/\/espacoecologico.com.br\/arquivo\/wp-content\/uploads\/2019\/05\/energia.jpg",415,265,false]},"uagb_author_info":{"display_name":"","author_link":"https:\/\/espacoecologico.com.br\/arquivo\/author\/"},"uagb_comment_info":0,"uagb_excerpt":"Os pain\u00e9is de energia solar est\u00e3o se multiplicando por todo o mundo, em uma mostra","_links":{"self":[{"href":"https:\/\/espacoecologico.com.br\/arquivo\/wp-json\/wp\/v2\/posts\/105473"}],"collection":[{"href":"https:\/\/espacoecologico.com.br\/arquivo\/wp-json\/wp\/v2\/posts"}],"about":[{"href":"https:\/\/espacoecologico.com.br\/arquivo\/wp-json\/wp\/v2\/types\/post"}],"author":[{"embeddable":true,"href":"https:\/\/espacoecologico.com.br\/arquivo\/wp-json\/wp\/v2\/users\/2"}],"replies":[{"embeddable":true,"href":"https:\/\/espacoecologico.com.br\/arquivo\/wp-json\/wp\/v2\/comments?post=105473"}],"version-history":[{"count":0,"href":"https:\/\/espacoecologico.com.br\/arquivo\/wp-json\/wp\/v2\/posts\/105473\/revisions"}],"wp:featuredmedia":[{"embeddable":true,"href":"https:\/\/espacoecologico.com.br\/arquivo\/wp-json\/wp\/v2\/media\/105474"}],"wp:attachment":[{"href":"https:\/\/espacoecologico.com.br\/arquivo\/wp-json\/wp\/v2\/media?parent=105473"}],"wp:term":[{"taxonomy":"category","embeddable":true,"href":"https:\/\/espacoecologico.com.br\/arquivo\/wp-json\/wp\/v2\/categories?post=105473"},{"taxonomy":"post_tag","embeddable":true,"href":"https:\/\/espacoecologico.com.br\/arquivo\/wp-json\/wp\/v2\/tags?post=105473"}],"curies":[{"name":"wp","href":"https:\/\/api.w.org\/{rel}","templated":true}]}}