{"id":105455,"date":"2019-05-08T07:00:33","date_gmt":"2019-05-08T10:00:33","guid":{"rendered":"https:\/\/espacoecologico.com.br\/arquivo\/?p=105455"},"modified":"2019-05-07T20:54:48","modified_gmt":"2019-05-07T23:54:48","slug":"e-como-uma-nota-ruim-no-boletim-materno-diz-mae-que-teve-depressao-pre-natal","status":"publish","type":"post","link":"https:\/\/espacoecologico.com.br\/arquivo\/e-como-uma-nota-ruim-no-boletim-materno-diz-mae-que-teve-depressao-pre-natal\/","title":{"rendered":"&#8216;\u00c9 como uma nota ruim no boletim materno&#8217;, diz m\u00e3e que teve depress\u00e3o pr\u00e9-natal"},"content":{"rendered":"<p><a href=\"https:\/\/espacoecologico.com.br\/arquivo\/wp-content\/uploads\/2019\/05\/crianca-1.jpg\"><img loading=\"lazy\" class=\"alignleft size-medium wp-image-105456\" src=\"https:\/\/espacoecologico.com.br\/arquivo\/wp-content\/uploads\/2019\/05\/crianca-1-300x192.jpg\" alt=\"\" width=\"300\" height=\"192\" srcset=\"https:\/\/espacoecologico.com.br\/arquivo\/wp-content\/uploads\/2019\/05\/crianca-1-300x192.jpg 300w, https:\/\/espacoecologico.com.br\/arquivo\/wp-content\/uploads\/2019\/05\/crianca-1.jpg 415w\" sizes=\"(max-width: 300px) 100vw, 300px\" \/><\/a>Tive depress\u00e3o pr\u00e9-natal quando esperava minha primeira filha, em 2012. N\u00e3o \u00e9 algo sobre o qual eu penso com frequ\u00eancia, sete anos depois do pior dos meus sintomas, embora ocasionalmente eu tenha um lampejo de lembran\u00e7a daquela situa\u00e7\u00e3o de humilha\u00e7\u00e3o. Como quando estou no trem e passo pela Canal Street \u2014 a parada do metr\u00f4 que usava para ir ao trabalho durante meus dias mais sombrios.<\/p>\n<p>Naquela \u00e9poca, eu escrevi uma s\u00e9rie sobre depress\u00e3o pr\u00e9-natal na qual discuti a dif\u00edcil decis\u00e3o de voltar aos antidepressivos no final do meu primeiro trimestre de gesta\u00e7\u00e3o. Naquele momento, n\u00e3o tinha percebido que eu tinha dois fatores de risco principais para a depress\u00e3o durante a gravidez: meus epis\u00f3dios anteriores de depress\u00e3o cl\u00ednica e o fato de que interrompi o uso dos antidepressivos para engravidar. Quando eu tive meu segundo filho, em 2016, decidi manter a minha dose di\u00e1ria de 10 miligramas de Prozac durante essa gravidez e n\u00e3o reca\u00ed.<\/p>\n<p>Se voc\u00ea tem ansiedade ou depress\u00e3o graves enquanto est\u00e1 gr\u00e1vida, a decis\u00e3o de se medicar n\u00e3o \u00e9 uma quest\u00e3o de &#8220;riscos versus benef\u00edcios&#8221;, afirma Pooja Lakshmin, professora assistente cl\u00ednico de Psiquiatria da Escola de Medicina da Universidade George Washington.<\/p>\n<p>\u2014 \u00c9 uma quest\u00e3o de risco-risco, porque qualquer um dos lados em que voc\u00ea escolher vem com algum risco \u2014 diz ela. \u2014 A depress\u00e3o e a ansiedade n\u00e3o tratadas t\u00eam efeitos profundos sobre a m\u00e3e, o beb\u00ea e toda a fam\u00edlia.<\/p>\n<p>Entre os riscos da depress\u00e3o pr\u00e9-natal n\u00e3o tratada est\u00e3o nascimentos prematuros e baixo peso ao nascer. No entanto, usar antidepressivos durante a gravidez podem levar a exatamente esses mesmos problemas.<\/p>\n<p>Embora ambos os meus filhos tenham nascido saud\u00e1veis e n\u00e3o tenham problemas duradouros, ainda me sinto envergonhada pelo que passei, como se precisar de ajuda psiqui\u00e1trica durante a gravidez fosse uma nota ruim no boletim materno.<\/p>\n<p>Uma em cada cinco mulheres experimentar\u00e1 transtornos de humor e ansiedade perinatais, incluindo ansiedade pr\u00e9-natal e p\u00f3s-parto, depress\u00e3o e psicose. Cerca de 8% das mulheres nos Estados Unidos tomam antidepressivos durante a gravidez.<\/p>\n<p>No Brasil, segundo um estudo Conselho Regional de Enfermagem (Coren), cerca de 10% das mulheres sofreram ou v\u00e3o sofrer de depress\u00e3o pr\u00e9-natal.<\/p>\n<p>Perguntei \u00e0 Dra. Lakshmin \u2014 assim como \u00e0 Dra. Samantha Meltzer-Brody, fundadora e diretora do Programa de Psiquiatria Pr\u00e9-natal da Universidade da Carolina do Norte e co-autora de um estudo de 2017 publicado na &#8220;The Lancet Psychiatry&#8221; que identificou cinco diferentes subtipos de depress\u00e3o pr\u00e9-natal \u2014 sobre como as mulheres podem obter os melhores cuidados de sa\u00fade mental durante a gravidez e depois.<\/p>\n<p>Aqui est\u00e3o as dicas delas:<\/p>\n<h3>Conhe\u00e7a os fatores de risco para depress\u00e3o pr\u00e9-natal<\/h3>\n<p>Um hist\u00f3rico de doen\u00e7a mental n\u00e3o \u00e9 o \u00fanico fator de risco para a depress\u00e3o pr\u00e9-natal, ressalta Meltzer-Brody. Outros fatores de risco incluem um hist\u00f3rico de eventos adversos na vida, como abuso sexual, falta de apoio social e pobreza.<\/p>\n<p>H\u00e1 tamb\u00e9m um componente hormonal:<\/p>\n<p>\u2014 H\u00e1 evid\u00eancias de que a sensibilidade hormonal em mulheres durante o ciclo de vida reprodutivo torna algumas vulner\u00e1veis a dist\u00farbios durante qualquer mudan\u00e7a hormonal.<\/p>\n<p>Assim, mulheres que t\u00eam uma hist\u00f3ria de transtorno disf\u00f3rico pr\u00e9-menstrual (depress\u00e3o grave ou ansiedade na semana anterior \u00e0 menstrua\u00e7\u00e3o) ou que reagem mal ao controle hormonal da natalidade podem ter maior probabilidade de ter transtornos de humor pr\u00e9-natais.<\/p>\n<h3>Se voc\u00ea tem hist\u00f3rico de doen\u00e7a mental, comece a planejar antes de engravidar<\/h3>\n<p>Isso muitas vezes n\u00e3o \u00e9 poss\u00edvel, j\u00e1 que cerca de 45% das gesta\u00e7\u00f5es \u2014 considerando apenas os EUA \u2014 n\u00e3o s\u00e3o planejadas. Mas, se voc\u00ea sabe que quer engravidar, comece a trabalhar com um psiquiatra em quem voc\u00ea confia, recomenda Lakshmin.<\/p>\n<p>Uma aspecto importante a considerar \u00e9 a gravidade de sua doen\u00e7a. Se voc\u00ea tiver sido suicida ou hospitalizado enquanto estava sem medica\u00e7\u00e3o, voc\u00ea pode n\u00e3o ser uma boa candidata para tomar rem\u00e9dios.<\/p>\n<p>Se voc\u00ea estiver prestes a interromper a medica\u00e7\u00e3o para engravidar, fa\u00e7a-o cerca de dois a tr\u00eas meses antes de come\u00e7ar a tentar, afirma Lakshmin. Dessa forma, voc\u00ea tem tempo para ver como voc\u00ea se sente sem rem\u00e9dio antes da avalanche hormonal da gravidez. E nunca pare de tomar rem\u00e9dio por conta pr\u00f3pria \u2014 voc\u00ea deve conversar sobre sua medica\u00e7\u00e3o com um psiquiatra.<\/p>\n<p>Procure outras formas de suporte, recomenda Lakshmin, sabendo que a parte de medica\u00e7\u00e3o do seu tratamento n\u00e3o estar\u00e1 mais l\u00e1. Consultar-se com um terapeuta com mais frequ\u00eancia, praticar ioga pr\u00e9-natal ou ter apoio extra de amigos e familiares pode ajudar.<\/p>\n<h3>Se voc\u00ea tiver sintomas persistentes de ansiedade e depress\u00e3o durante a gravidez, pe\u00e7a ajuda<\/h3>\n<p>Ansiedade e depress\u00e3o n\u00e3o tratadas durante a gravidez n\u00e3o se resolvem magicamente quando voc\u00ea d\u00e1 \u00e0 luz, ressalta a m\u00e9dica Meltzer-Brody \u2014 esse problema \u00e9, ali\u00e1s, um importante fator de risco para depress\u00e3o p\u00f3s-parto.<\/p>\n<p>A depress\u00e3o pr\u00e9-natal durante o primeiro trimestre \u00e9 muitas vezes mal-diagnosticada, porque n\u00e1useas, v\u00f4mitos e fadiga podem fazer mulheres que n\u00e3o est\u00e3o clinicamente deprimidas sentirem-se para baixo.<\/p>\n<p>Se voc\u00ea est\u00e1 deprimida, mal-humorada ou ansiosa por duas semanas sem al\u00edvio durante qualquer trimestre da gesta\u00e7\u00e3o, e \u00e9 uma mudan\u00e7a marcante em rela\u00e7\u00e3o ao seu normal, consulte um profissional de sa\u00fade, aconselha Meltzer-Brody.<\/p>\n<p>Para ansiedade leve ou moderada e depress\u00e3o durante a gravidez, recomenda-se a psicoterapia baseada em evid\u00eancias. Para ansiedade moderada ou grave ou depress\u00e3o, a medica\u00e7\u00e3o pode ser necess\u00e1ria, diz Meltzer-Brody.<\/p>\n<p>Se voc\u00ea se sentir suicida ou tiver pensamentos de autoagress\u00e3o, n\u00e3o espere duas semanas. Procure ajuda m\u00e9dica imediatamente.<\/p>\n","protected":false},"excerpt":{"rendered":"<p>Tive depress\u00e3o pr\u00e9-natal quando esperava minha primeira filha, em 2012. N\u00e3o \u00e9 algo sobre o<\/p>\n","protected":false},"author":2,"featured_media":105456,"comment_status":"open","ping_status":"open","sticky":false,"template":"","format":"standard","meta":[],"categories":[],"tags":[],"uagb_featured_image_src":{"full":["https:\/\/espacoecologico.com.br\/arquivo\/wp-content\/uploads\/2019\/05\/crianca-1.jpg",415,265,false],"thumbnail":["https:\/\/espacoecologico.com.br\/arquivo\/wp-content\/uploads\/2019\/05\/crianca-1-150x150.jpg",150,150,true],"medium":["https:\/\/espacoecologico.com.br\/arquivo\/wp-content\/uploads\/2019\/05\/crianca-1-300x192.jpg",300,192,true],"medium_large":["https:\/\/espacoecologico.com.br\/arquivo\/wp-content\/uploads\/2019\/05\/crianca-1.jpg",415,265,false],"large":["https:\/\/espacoecologico.com.br\/arquivo\/wp-content\/uploads\/2019\/05\/crianca-1.jpg",415,265,false],"1536x1536":["https:\/\/espacoecologico.com.br\/arquivo\/wp-content\/uploads\/2019\/05\/crianca-1.jpg",415,265,false],"2048x2048":["https:\/\/espacoecologico.com.br\/arquivo\/wp-content\/uploads\/2019\/05\/crianca-1.jpg",415,265,false],"cream-magazine-thumbnail-2":["https:\/\/espacoecologico.com.br\/arquivo\/wp-content\/uploads\/2019\/05\/crianca-1.jpg",415,265,false],"cream-magazine-thumbnail-3":["https:\/\/espacoecologico.com.br\/arquivo\/wp-content\/uploads\/2019\/05\/crianca-1.jpg",415,265,false],"cream-magazine-thumbnail-4":["https:\/\/espacoecologico.com.br\/arquivo\/wp-content\/uploads\/2019\/05\/crianca-1.jpg",415,265,false]},"uagb_author_info":{"display_name":"","author_link":"https:\/\/espacoecologico.com.br\/arquivo\/author\/"},"uagb_comment_info":0,"uagb_excerpt":"Tive depress\u00e3o pr\u00e9-natal quando esperava minha primeira filha, em 2012. N\u00e3o \u00e9 algo sobre o","_links":{"self":[{"href":"https:\/\/espacoecologico.com.br\/arquivo\/wp-json\/wp\/v2\/posts\/105455"}],"collection":[{"href":"https:\/\/espacoecologico.com.br\/arquivo\/wp-json\/wp\/v2\/posts"}],"about":[{"href":"https:\/\/espacoecologico.com.br\/arquivo\/wp-json\/wp\/v2\/types\/post"}],"author":[{"embeddable":true,"href":"https:\/\/espacoecologico.com.br\/arquivo\/wp-json\/wp\/v2\/users\/2"}],"replies":[{"embeddable":true,"href":"https:\/\/espacoecologico.com.br\/arquivo\/wp-json\/wp\/v2\/comments?post=105455"}],"version-history":[{"count":0,"href":"https:\/\/espacoecologico.com.br\/arquivo\/wp-json\/wp\/v2\/posts\/105455\/revisions"}],"wp:featuredmedia":[{"embeddable":true,"href":"https:\/\/espacoecologico.com.br\/arquivo\/wp-json\/wp\/v2\/media\/105456"}],"wp:attachment":[{"href":"https:\/\/espacoecologico.com.br\/arquivo\/wp-json\/wp\/v2\/media?parent=105455"}],"wp:term":[{"taxonomy":"category","embeddable":true,"href":"https:\/\/espacoecologico.com.br\/arquivo\/wp-json\/wp\/v2\/categories?post=105455"},{"taxonomy":"post_tag","embeddable":true,"href":"https:\/\/espacoecologico.com.br\/arquivo\/wp-json\/wp\/v2\/tags?post=105455"}],"curies":[{"name":"wp","href":"https:\/\/api.w.org\/{rel}","templated":true}]}}