{"id":105451,"date":"2019-05-07T14:00:03","date_gmt":"2019-05-07T17:00:03","guid":{"rendered":"https:\/\/espacoecologico.com.br\/arquivo\/?p=105451"},"modified":"2019-05-07T09:50:50","modified_gmt":"2019-05-07T12:50:50","slug":"um-milhao-de-especies-estao-ameacadas-de-extincao-mostra-onu","status":"publish","type":"post","link":"https:\/\/espacoecologico.com.br\/arquivo\/um-milhao-de-especies-estao-ameacadas-de-extincao-mostra-onu\/","title":{"rendered":"Um milh\u00e3o de esp\u00e9cies est\u00e3o amea\u00e7adas de extin\u00e7\u00e3o, mostra ONU"},"content":{"rendered":"<p><a href=\"https:\/\/espacoecologico.com.br\/arquivo\/wp-content\/uploads\/2019\/05\/arvores.jpg\"><img loading=\"lazy\" class=\"alignleft size-medium wp-image-105452\" src=\"https:\/\/espacoecologico.com.br\/arquivo\/wp-content\/uploads\/2019\/05\/arvores-300x192.jpg\" alt=\"\" width=\"300\" height=\"192\" srcset=\"https:\/\/espacoecologico.com.br\/arquivo\/wp-content\/uploads\/2019\/05\/arvores-300x192.jpg 300w, https:\/\/espacoecologico.com.br\/arquivo\/wp-content\/uploads\/2019\/05\/arvores.jpg 415w\" sizes=\"(max-width: 300px) 100vw, 300px\" \/><\/a>Um milh\u00e3o de esp\u00e9cies de animais e plantas est\u00e3o amea\u00e7ados de extin\u00e7\u00e3o em escala mundial. O dado \u00e9 de um relat\u00f3rio da Plataforma Intergovernamental de Pol\u00edticas Cient\u00edficas sobre Biodiversidade e Servi\u00e7os de Ecossistema (IPBES), da Organiza\u00e7\u00e3o das Na\u00e7\u00f5es Unidas (ONU), divulgado na segunda-feira (6).<\/p>\n<p>A an\u00e1lise contou com a participa\u00e7\u00e3o de 145 cientistas de 50 pa\u00edses e mostra que \u201ca natureza est\u00e1 diminuindo globalmente, a taxas sem precedentes na hist\u00f3ria da humanidade\u201d. Os cientistas trabalharam ao longo dos \u00faltimos tr\u00eas anos na revis\u00e3o de mais de 15 mil pesquisas cient\u00edficas e informa\u00e7\u00f5es governamentais.<\/p>\n<p>De acordo com o relat\u00f3rio, mais de 40% das esp\u00e9cies de anf\u00edbios, quase 33% dos corais formadores de recifes e mais de um ter\u00e7o de todos os mam\u00edferos marinhos est\u00e3o amea\u00e7ados. E a diversidade de esp\u00e9cies nativas na maioria dos principais habitats terrestres caiu em pelo menos 20%, principalmente desde 1900.<\/p>\n<p>Outras constata\u00e7\u00f5es dos pesquisadores s\u00e3o que as \u00e1reas urbanas mais que dobraram desde 1992 e quase 75% dos recursos de \u00e1gua doce s\u00e3o agora dedicados \u00e0 produ\u00e7\u00e3o agr\u00edcola ou pecu\u00e1ria.<\/p>\n<p>Essa perda relatada \u00e9 resultado direto da atividade humana e dos impactos do desenvolvimento econ\u00f4mico na natureza e representa uma amea\u00e7a direta ao bem-estar humano, de acordo com o relat\u00f3rio. Os cinco fatores citados como principais respons\u00e1veis pelas transforma\u00e7\u00f5es na natureza s\u00e3o: mudan\u00e7as na forma de uso da terra e do mar, explora\u00e7\u00e3o de fontes naturais, mudan\u00e7as clim\u00e1ticas, polui\u00e7\u00e3o e esp\u00e9cies invasoras.<\/p>\n<p><strong>A\u00e7\u00f5es de preserva\u00e7\u00e3o<\/strong><\/p>\n<p>Apesar do alerta enf\u00e1tico sobre as perdas de esp\u00e9cies de animais e plantas, o relat\u00f3rio tamb\u00e9m indica que n\u00e3o \u00e9 tarde para tomar atitudes que fa\u00e7am a diferen\u00e7a para a preserva\u00e7\u00e3o ambiental. Destaca, no entanto, que \u00e9 preciso come\u00e7ar agora, e em todos os n\u00edveis, do local ao global.<\/p>\n<p>\u201cAs tend\u00eancias negativas na natureza continuar\u00e3o at\u00e9 2050 e em todos os cen\u00e1rios de pol\u00edtica explorados no relat\u00f3rio, exceto aqueles que incluem mudan\u00e7as transformadoras\u201d, concluiu.<\/p>\n<p>Os especialistas indicaram no relat\u00f3rio a\u00e7\u00f5es de sustentabilidade para diversas \u00e1reas. Na agricultura est\u00e3o a sugest\u00e3o de pr\u00e1ticas agroecol\u00f3gicas e a import\u00e2ncia do engajamento de produtores, consumidores e governos na preserva\u00e7\u00e3o ambiental. Em rela\u00e7\u00e3o aos ambientes marinhos, sugere a cria\u00e7\u00e3o de \u00e1reas marinhas protegidas, gest\u00e3o da pesca e redu\u00e7\u00e3o da polui\u00e7\u00e3o.<\/p>\n<p>A Plataforma Intergovernamental de Pol\u00edticas Cient\u00edficas sobre Biodiversidade e Servi\u00e7os de Ecossistema (IPBES) re\u00fane pa\u00edses-membros e cientistas de todo o mundo, com o objetivo de informar os governos sobre o estado da biodiversidade e ecossistemas.Tamb\u00e9m disponibiliza informa\u00e7\u00f5es para o aprimoramento de pol\u00edticas e de estrat\u00e9gias setoriais em favor do desenvolvimento sustent\u00e1vel.<\/p>\n","protected":false},"excerpt":{"rendered":"<p>Um milh\u00e3o de esp\u00e9cies de animais e plantas est\u00e3o amea\u00e7ados de extin\u00e7\u00e3o em escala mundial.<\/p>\n","protected":false},"author":2,"featured_media":105452,"comment_status":"open","ping_status":"open","sticky":false,"template":"","format":"standard","meta":[],"categories":[],"tags":[],"uagb_featured_image_src":{"full":["https:\/\/espacoecologico.com.br\/arquivo\/wp-content\/uploads\/2019\/05\/arvores.jpg",415,265,false],"thumbnail":["https:\/\/espacoecologico.com.br\/arquivo\/wp-content\/uploads\/2019\/05\/arvores-150x150.jpg",150,150,true],"medium":["https:\/\/espacoecologico.com.br\/arquivo\/wp-content\/uploads\/2019\/05\/arvores-300x192.jpg",300,192,true],"medium_large":["https:\/\/espacoecologico.com.br\/arquivo\/wp-content\/uploads\/2019\/05\/arvores.jpg",415,265,false],"large":["https:\/\/espacoecologico.com.br\/arquivo\/wp-content\/uploads\/2019\/05\/arvores.jpg",415,265,false],"1536x1536":["https:\/\/espacoecologico.com.br\/arquivo\/wp-content\/uploads\/2019\/05\/arvores.jpg",415,265,false],"2048x2048":["https:\/\/espacoecologico.com.br\/arquivo\/wp-content\/uploads\/2019\/05\/arvores.jpg",415,265,false],"cream-magazine-thumbnail-2":["https:\/\/espacoecologico.com.br\/arquivo\/wp-content\/uploads\/2019\/05\/arvores.jpg",415,265,false],"cream-magazine-thumbnail-3":["https:\/\/espacoecologico.com.br\/arquivo\/wp-content\/uploads\/2019\/05\/arvores.jpg",415,265,false],"cream-magazine-thumbnail-4":["https:\/\/espacoecologico.com.br\/arquivo\/wp-content\/uploads\/2019\/05\/arvores.jpg",415,265,false]},"uagb_author_info":{"display_name":"","author_link":"https:\/\/espacoecologico.com.br\/arquivo\/author\/"},"uagb_comment_info":0,"uagb_excerpt":"Um milh\u00e3o de esp\u00e9cies de animais e plantas est\u00e3o amea\u00e7ados de extin\u00e7\u00e3o em escala mundial.","_links":{"self":[{"href":"https:\/\/espacoecologico.com.br\/arquivo\/wp-json\/wp\/v2\/posts\/105451"}],"collection":[{"href":"https:\/\/espacoecologico.com.br\/arquivo\/wp-json\/wp\/v2\/posts"}],"about":[{"href":"https:\/\/espacoecologico.com.br\/arquivo\/wp-json\/wp\/v2\/types\/post"}],"author":[{"embeddable":true,"href":"https:\/\/espacoecologico.com.br\/arquivo\/wp-json\/wp\/v2\/users\/2"}],"replies":[{"embeddable":true,"href":"https:\/\/espacoecologico.com.br\/arquivo\/wp-json\/wp\/v2\/comments?post=105451"}],"version-history":[{"count":0,"href":"https:\/\/espacoecologico.com.br\/arquivo\/wp-json\/wp\/v2\/posts\/105451\/revisions"}],"wp:featuredmedia":[{"embeddable":true,"href":"https:\/\/espacoecologico.com.br\/arquivo\/wp-json\/wp\/v2\/media\/105452"}],"wp:attachment":[{"href":"https:\/\/espacoecologico.com.br\/arquivo\/wp-json\/wp\/v2\/media?parent=105451"}],"wp:term":[{"taxonomy":"category","embeddable":true,"href":"https:\/\/espacoecologico.com.br\/arquivo\/wp-json\/wp\/v2\/categories?post=105451"},{"taxonomy":"post_tag","embeddable":true,"href":"https:\/\/espacoecologico.com.br\/arquivo\/wp-json\/wp\/v2\/tags?post=105451"}],"curies":[{"name":"wp","href":"https:\/\/api.w.org\/{rel}","templated":true}]}}