{"id":105442,"date":"2019-05-07T13:00:20","date_gmt":"2019-05-07T16:00:20","guid":{"rendered":"https:\/\/espacoecologico.com.br\/arquivo\/?p=105442"},"modified":"2019-05-07T09:14:27","modified_gmt":"2019-05-07T12:14:27","slug":"nova-vacina-contra-leishmaniose-pode-imunizar-e-tratar-caes-infectados-pela-doenca","status":"publish","type":"post","link":"https:\/\/espacoecologico.com.br\/arquivo\/nova-vacina-contra-leishmaniose-pode-imunizar-e-tratar-caes-infectados-pela-doenca\/","title":{"rendered":"Nova vacina contra Leishmaniose pode imunizar e tratar c\u00e3es infectados pela doen\u00e7a"},"content":{"rendered":"<p><a href=\"https:\/\/espacoecologico.com.br\/arquivo\/wp-content\/uploads\/2019\/05\/cao.jpg\"><img loading=\"lazy\" class=\"alignleft size-medium wp-image-105443\" src=\"https:\/\/espacoecologico.com.br\/arquivo\/wp-content\/uploads\/2019\/05\/cao-300x192.jpg\" alt=\"\" width=\"300\" height=\"192\" srcset=\"https:\/\/espacoecologico.com.br\/arquivo\/wp-content\/uploads\/2019\/05\/cao-300x192.jpg 300w, https:\/\/espacoecologico.com.br\/arquivo\/wp-content\/uploads\/2019\/05\/cao.jpg 415w\" sizes=\"(max-width: 300px) 100vw, 300px\" \/><\/a>A Leishmaniose canina \u00e9 uma infec\u00e7\u00e3o parasit\u00e1ria causada por protozo\u00e1rios que atacam o sistema imunol\u00f3gico do animal. Quando propagada, ela pode atingir \u00f3rg\u00e3os como f\u00edgado, ba\u00e7o e medula \u00f3ssea, levando-o \u00e0 morte.<\/p>\n<p>At\u00e9 2016, os donos de c\u00e3es diagnosticados com a doen\u00e7a eram orientado \u00e0 submet\u00ea-los \u00e0 eutan\u00e1sia. De l\u00e1 pra c\u00e1, essa realidade mudou pouco, mesmo ap\u00f3s a autoriza\u00e7\u00e3o t\u00e9cnica que permite a importa\u00e7\u00e3o de um medicamento-chave para o tratamento da infec\u00e7\u00e3o parasit\u00e1ria.<\/p>\n<p>Infelizmente, al\u00e9m de ser caro, o tratamento n\u00e3o leva \u00e0 cura definitiva, e sua efetividade polariza especialistas na \u00e1rea. Por ser uma doen\u00e7a que pode ser transmitida para seres humanos (gra\u00e7as ao vetor do parasita, o mosquito-palha), o Minist\u00e9rio da Sa\u00fade orienta que c\u00e3es infectados recebam a eutan\u00e1sia.<\/p>\n<p>No entanto, h\u00e1 esperan\u00e7as. Cientistas da Universidade Federal de Ouro Preto (Ufop) desenvolveram uma vacina capaz de imunizar animais, al\u00e9m de trat\u00e1-los, levando \u00e0 uma in\u00e9dita cura da doen\u00e7a. \u201cEm breve, vamos iniciar a \u00faltima fase de testes para verificar se a vacina \u00e9 eficaz, reduzindo o cont\u00e1gio canino. Se tivermos sucesso, teremos cumprido os requisitos para que o produto seja registrado e comercializado&#8221;, diz Alexandre Reis, coordenador do Grupo de Pesquisa em lmunopatologia das Leishmanioses da Nupeb\/Ufop.<\/p>\n<p><img loading=\"lazy\" class=\"inline-image__image lazyloaded\" src=\"https:\/\/fotos.amomeupet.org\/uploads\/fotos\/650x0_1553262032_5c94e5d0c9bb0.jpeg\" srcset=\"https:\/\/fotos.amomeupet.org\/uploads\/fotos\/650x0_1553262032_5c94e5d0c9bb0.jpeg\" width=\"639\" height=\"423\" data-srcset=\"https:\/\/fotos.amomeupet.org\/uploads\/fotos\/650x0_1553262032_5c94e5d0c9bb0.jpeg\" \/><\/p>\n<p>De acordo com ele, \u201cem um ou dois anos, a partir desses resultados, a tecnologia j\u00e1 deve estar dispon\u00edvel para o mercado&#8221;. Alexandre Reis \u00e9 professor de parasitologia cl\u00ednica na Escola de Farm\u00e1cia da Ufop, e lidera o projeto h\u00e1 cerca de 20 anos.<\/p>\n<p>Otimista, ele acredita que a vacina pode chamar a aten\u00e7\u00e3o do poder p\u00fablico caso haja uma combina\u00e7\u00e3o entre a efic\u00e1cia desejada e um baixo custo para produ\u00e7\u00e3o em massa. &#8220;A \u00fanica forma de conter a doen\u00e7a \u00e9 com a\u00e7\u00f5es que abarque muitas frentes realizadas visando a grande volume populacional&#8221;, conclui.<\/p>\n","protected":false},"excerpt":{"rendered":"<p>A Leishmaniose canina \u00e9 uma infec\u00e7\u00e3o parasit\u00e1ria causada por protozo\u00e1rios que atacam o sistema imunol\u00f3gico<\/p>\n","protected":false},"author":2,"featured_media":105443,"comment_status":"open","ping_status":"open","sticky":false,"template":"","format":"standard","meta":[],"categories":[],"tags":[],"uagb_featured_image_src":{"full":["https:\/\/espacoecologico.com.br\/arquivo\/wp-content\/uploads\/2019\/05\/cao.jpg",415,265,false],"thumbnail":["https:\/\/espacoecologico.com.br\/arquivo\/wp-content\/uploads\/2019\/05\/cao-150x150.jpg",150,150,true],"medium":["https:\/\/espacoecologico.com.br\/arquivo\/wp-content\/uploads\/2019\/05\/cao-300x192.jpg",300,192,true],"medium_large":["https:\/\/espacoecologico.com.br\/arquivo\/wp-content\/uploads\/2019\/05\/cao.jpg",415,265,false],"large":["https:\/\/espacoecologico.com.br\/arquivo\/wp-content\/uploads\/2019\/05\/cao.jpg",415,265,false],"1536x1536":["https:\/\/espacoecologico.com.br\/arquivo\/wp-content\/uploads\/2019\/05\/cao.jpg",415,265,false],"2048x2048":["https:\/\/espacoecologico.com.br\/arquivo\/wp-content\/uploads\/2019\/05\/cao.jpg",415,265,false],"cream-magazine-thumbnail-2":["https:\/\/espacoecologico.com.br\/arquivo\/wp-content\/uploads\/2019\/05\/cao.jpg",415,265,false],"cream-magazine-thumbnail-3":["https:\/\/espacoecologico.com.br\/arquivo\/wp-content\/uploads\/2019\/05\/cao.jpg",415,265,false],"cream-magazine-thumbnail-4":["https:\/\/espacoecologico.com.br\/arquivo\/wp-content\/uploads\/2019\/05\/cao.jpg",415,265,false]},"uagb_author_info":{"display_name":"","author_link":"https:\/\/espacoecologico.com.br\/arquivo\/author\/"},"uagb_comment_info":0,"uagb_excerpt":"A Leishmaniose canina \u00e9 uma infec\u00e7\u00e3o parasit\u00e1ria causada por protozo\u00e1rios que atacam o sistema imunol\u00f3gico","_links":{"self":[{"href":"https:\/\/espacoecologico.com.br\/arquivo\/wp-json\/wp\/v2\/posts\/105442"}],"collection":[{"href":"https:\/\/espacoecologico.com.br\/arquivo\/wp-json\/wp\/v2\/posts"}],"about":[{"href":"https:\/\/espacoecologico.com.br\/arquivo\/wp-json\/wp\/v2\/types\/post"}],"author":[{"embeddable":true,"href":"https:\/\/espacoecologico.com.br\/arquivo\/wp-json\/wp\/v2\/users\/2"}],"replies":[{"embeddable":true,"href":"https:\/\/espacoecologico.com.br\/arquivo\/wp-json\/wp\/v2\/comments?post=105442"}],"version-history":[{"count":0,"href":"https:\/\/espacoecologico.com.br\/arquivo\/wp-json\/wp\/v2\/posts\/105442\/revisions"}],"wp:featuredmedia":[{"embeddable":true,"href":"https:\/\/espacoecologico.com.br\/arquivo\/wp-json\/wp\/v2\/media\/105443"}],"wp:attachment":[{"href":"https:\/\/espacoecologico.com.br\/arquivo\/wp-json\/wp\/v2\/media?parent=105442"}],"wp:term":[{"taxonomy":"category","embeddable":true,"href":"https:\/\/espacoecologico.com.br\/arquivo\/wp-json\/wp\/v2\/categories?post=105442"},{"taxonomy":"post_tag","embeddable":true,"href":"https:\/\/espacoecologico.com.br\/arquivo\/wp-json\/wp\/v2\/tags?post=105442"}],"curies":[{"name":"wp","href":"https:\/\/api.w.org\/{rel}","templated":true}]}}