{"id":105431,"date":"2019-05-07T12:00:14","date_gmt":"2019-05-07T15:00:14","guid":{"rendered":"https:\/\/espacoecologico.com.br\/arquivo\/?p=105431"},"modified":"2019-05-06T21:05:33","modified_gmt":"2019-05-07T00:05:33","slug":"painel-verde-suga-co2-produz-oxigenio-e-alga-comestivel","status":"publish","type":"post","link":"https:\/\/espacoecologico.com.br\/arquivo\/painel-verde-suga-co2-produz-oxigenio-e-alga-comestivel\/","title":{"rendered":"Painel verde suga CO2, produz oxig\u00eanio e alga comest\u00edvel"},"content":{"rendered":"<p><a href=\"https:\/\/espacoecologico.com.br\/arquivo\/wp-content\/uploads\/2019\/05\/painel.jpg\"><img loading=\"lazy\" class=\"alignleft size-medium wp-image-105433\" src=\"https:\/\/espacoecologico.com.br\/arquivo\/wp-content\/uploads\/2019\/05\/painel-300x192.jpg\" alt=\"\" width=\"300\" height=\"192\" srcset=\"https:\/\/espacoecologico.com.br\/arquivo\/wp-content\/uploads\/2019\/05\/painel-300x192.jpg 300w, https:\/\/espacoecologico.com.br\/arquivo\/wp-content\/uploads\/2019\/05\/painel.jpg 415w\" sizes=\"(max-width: 300px) 100vw, 300px\" \/><\/a>A humanidade est\u00e1 andando a passos r\u00e1pidos para sua deteriora\u00e7\u00e3o, \u00e9 o que revela um novo\u00a0<a href=\"https:\/\/ciclovivo.com.br\/planeta\/meio-ambiente\/novo-relatorio-global-aponta-declinio-de-especies\/\" target=\"_blank\" rel=\"noreferrer noopener\" aria-label=\"relat\u00f3rio global (abre em uma nova aba)\">relat\u00f3rio global<\/a>\u00a0feito por 145 autores especialistas. Mas, ainda h\u00e1 esperan\u00e7as de reverter esta situa\u00e7\u00e3o e parte da solu\u00e7\u00e3o reside em um esfor\u00e7o conjunto de a\u00e7\u00f5es. O CicloVivo sempre traz bons exemplos de iniciativas, exemplo disso \u00e9 a tecnologia BioSolar Leaf criada em Londres, na Inglaterra, para melhorar a qualidade do ar.<\/p>\n<p>Criada pela universidade Imperial College London em parceria com a startup Arborea, a BioSolar Leaf purifica o ar atrav\u00e9s da fotoss\u00edntese de plantas microsc\u00f3picas, remove os gases de efeito estufa do ambiente enquanto gera oxig\u00eanio respir\u00e1vel. Tudo isso \u00e9 feito em um sistema de cultivo que facilita o crescimento de plantas min\u00fasculas \u2013 como microalgas, diatom\u00e1ceas e fitopl\u00e2ncton \u2013 em grandes estruturas semelhantes a pain\u00e9is solares. A ideia \u00e9 que o material possa ser instalado em terrenos, edif\u00edcios, entre outros locais.<\/p>\n<p>Um ponto interessante do projeto \u00e9 que os organismos que crescem nos pain\u00e9is podem ser colhidos e usados \u200b\u200bcomo alimentos. O sistema produz uma fonte de biomassa org\u00e2nica da qual a Arborea quer extrai aditivos alimentares nutritivos para produtos aliment\u00edcios \u00e0 base de plantas. Apesar das microalgas j\u00e1 serem usadas em alimentos, de acordo com Julian Melchiorri, CEO da Arborea, os novos pain\u00e9is usam um processo de produ\u00e7\u00e3o patenteado que \u201ctorna o cultivo mais barato, mais escal\u00e1vel e resulta em um produto de maior qualidade\u201d.<\/p>\n<figure class=\"wp-block-image\"><img loading=\"lazy\" class=\"wp-image-65117 td-animation-stack-type0-1\" src=\"https:\/\/cdn-cv.r4you.co\/wp-content\/uploads\/2019\/05\/BioSolar-Leaf-ciclovivo-painel.jpg\" sizes=\"(max-width: 800px) 100vw, 800px\" srcset=\"https:\/\/cdn-cv.r4you.co\/wp-content\/uploads\/2019\/05\/BioSolar-Leaf-ciclovivo-painel.jpg 800w, https:\/\/cdn-cv.r4you.co\/wp-content\/uploads\/2019\/05\/BioSolar-Leaf-ciclovivo-painel-300x185.jpg 300w, https:\/\/cdn-cv.r4you.co\/wp-content\/uploads\/2019\/05\/BioSolar-Leaf-ciclovivo-painel-768x472.jpg 768w, https:\/\/cdn-cv.r4you.co\/wp-content\/uploads\/2019\/05\/BioSolar-Leaf-ciclovivo-painel-356x220.jpg 356w, https:\/\/cdn-cv.r4you.co\/wp-content\/uploads\/2019\/05\/BioSolar-Leaf-ciclovivo-painel-696x428.jpg 696w, https:\/\/cdn-cv.r4you.co\/wp-content\/uploads\/2019\/05\/BioSolar-Leaf-ciclovivo-painel-683x420.jpg 683w, https:\/\/cdn-cv.r4you.co\/wp-content\/uploads\/2019\/05\/BioSolar-Leaf-ciclovivo-painel-600x369.jpg 600w\" alt=\"\" width=\"639\" height=\"393\" \/><\/p>\n<div class=\"seedtag-gohan seedtag-adunit st-in-image\">\n<div class=\"st-container\"><\/div>\n<\/div><figcaption>Imagem: Divulga\u00e7\u00e3o<\/figcaption><\/figure>\n<figure class=\"wp-block-image\"><img loading=\"lazy\" class=\"wp-image-65116 td-animation-stack-type0-1\" src=\"https:\/\/cdn-cv.r4you.co\/wp-content\/uploads\/2019\/05\/BioSolar-Leaf-ciclovivo-painel1-1024x703.jpg\" sizes=\"(max-width: 1024px) 100vw, 1024px\" srcset=\"https:\/\/cdn-cv.r4you.co\/wp-content\/uploads\/2019\/05\/BioSolar-Leaf-ciclovivo-painel1-1024x703.jpg 1024w, https:\/\/cdn-cv.r4you.co\/wp-content\/uploads\/2019\/05\/BioSolar-Leaf-ciclovivo-painel1-300x206.jpg 300w, https:\/\/cdn-cv.r4you.co\/wp-content\/uploads\/2019\/05\/BioSolar-Leaf-ciclovivo-painel1-768x527.jpg 768w, https:\/\/cdn-cv.r4you.co\/wp-content\/uploads\/2019\/05\/BioSolar-Leaf-ciclovivo-painel1-100x70.jpg 100w, https:\/\/cdn-cv.r4you.co\/wp-content\/uploads\/2019\/05\/BioSolar-Leaf-ciclovivo-painel1-218x150.jpg 218w, https:\/\/cdn-cv.r4you.co\/wp-content\/uploads\/2019\/05\/BioSolar-Leaf-ciclovivo-painel1-696x478.jpg 696w, https:\/\/cdn-cv.r4you.co\/wp-content\/uploads\/2019\/05\/BioSolar-Leaf-ciclovivo-painel1-1068x733.jpg 1068w, https:\/\/cdn-cv.r4you.co\/wp-content\/uploads\/2019\/05\/BioSolar-Leaf-ciclovivo-painel1-612x420.jpg 612w, https:\/\/cdn-cv.r4you.co\/wp-content\/uploads\/2019\/05\/BioSolar-Leaf-ciclovivo-painel1-600x412.jpg 600w, https:\/\/cdn-cv.r4you.co\/wp-content\/uploads\/2019\/05\/BioSolar-Leaf-ciclovivo-painel1.jpg 1308w\" alt=\"\" width=\"640\" height=\"439\" \/><\/p>\n<div class=\"seedtag-gohan seedtag-adunit st-in-image\">\n<div class=\"st-container\"><\/div>\n<\/div><figcaption>Equipe Arborea | Foto: Imperial College London<\/figcaption><\/figure>\n<figure class=\"wp-block-image\"><img loading=\"lazy\" class=\"wp-image-65115 td-animation-stack-type0-1\" src=\"https:\/\/cdn-cv.r4you.co\/wp-content\/uploads\/2019\/05\/BioSolar-Leaf-ciclovivo-painel2-1024x708.jpg\" sizes=\"(max-width: 1024px) 100vw, 1024px\" srcset=\"https:\/\/cdn-cv.r4you.co\/wp-content\/uploads\/2019\/05\/BioSolar-Leaf-ciclovivo-painel2-1024x708.jpg 1024w, https:\/\/cdn-cv.r4you.co\/wp-content\/uploads\/2019\/05\/BioSolar-Leaf-ciclovivo-painel2-300x208.jpg 300w, https:\/\/cdn-cv.r4you.co\/wp-content\/uploads\/2019\/05\/BioSolar-Leaf-ciclovivo-painel2-768x531.jpg 768w, https:\/\/cdn-cv.r4you.co\/wp-content\/uploads\/2019\/05\/BioSolar-Leaf-ciclovivo-painel2-100x70.jpg 100w, https:\/\/cdn-cv.r4you.co\/wp-content\/uploads\/2019\/05\/BioSolar-Leaf-ciclovivo-painel2-218x150.jpg 218w, https:\/\/cdn-cv.r4you.co\/wp-content\/uploads\/2019\/05\/BioSolar-Leaf-ciclovivo-painel2-696x482.jpg 696w, https:\/\/cdn-cv.r4you.co\/wp-content\/uploads\/2019\/05\/BioSolar-Leaf-ciclovivo-painel2-1068x739.jpg 1068w, https:\/\/cdn-cv.r4you.co\/wp-content\/uploads\/2019\/05\/BioSolar-Leaf-ciclovivo-painel2-607x420.jpg 607w, https:\/\/cdn-cv.r4you.co\/wp-content\/uploads\/2019\/05\/BioSolar-Leaf-ciclovivo-painel2-600x415.jpg 600w\" alt=\"\" width=\"639\" height=\"443\" \/><figcaption>Foto: Imperial College London<\/figcaption><\/figure>\n<h3>Prote\u00edna sustent\u00e1vel<\/h3>\n<p>Apesar do projeto garantir que pode produzir oxig\u00eanio respir\u00e1vel a uma taxa equivalente a cem \u00e1rvores em uma pequena superf\u00edcie, o foco do projeto de Melchiorri est\u00e1 no sistema alimentar. Ele quer produzir mais prote\u00edna de forma ecol\u00f3gica, criar mais fontes de antioxidantes e corantes alimentares naturais. Ao Fast Company, ele afirmou que a polui\u00e7\u00e3o clim\u00e1tica evitada pela produ\u00e7\u00e3o de prote\u00edna com algas \u00e9 ainda mais significativa do que a capacidade das algas de sugar CO2 do ar.<\/p>\n<p>Ex aluno do Imperial College London, Julian Melchiorri j\u00e1 est\u00e1 instalando uma planta piloto na institui\u00e7\u00e3o. Acompanhe o projeto no\u00a0<a href=\"http:\/\/arborea.io\/\" target=\"_blank\" rel=\"noreferrer noopener\" aria-label=\"site da Arborea (abre em uma nova aba)\">site da Arborea<\/a>.<\/p>\n<p>Cr\u00e9dito da capa: Imperial College London | Thomas Glover<\/p>\n","protected":false},"excerpt":{"rendered":"<p>A humanidade est\u00e1 andando a passos r\u00e1pidos para sua deteriora\u00e7\u00e3o, \u00e9 o que revela um<\/p>\n","protected":false},"author":2,"featured_media":105433,"comment_status":"open","ping_status":"open","sticky":false,"template":"","format":"standard","meta":[],"categories":[],"tags":[],"uagb_featured_image_src":{"full":["https:\/\/espacoecologico.com.br\/arquivo\/wp-content\/uploads\/2019\/05\/painel.jpg",415,265,false],"thumbnail":["https:\/\/espacoecologico.com.br\/arquivo\/wp-content\/uploads\/2019\/05\/painel-150x150.jpg",150,150,true],"medium":["https:\/\/espacoecologico.com.br\/arquivo\/wp-content\/uploads\/2019\/05\/painel-300x192.jpg",300,192,true],"medium_large":["https:\/\/espacoecologico.com.br\/arquivo\/wp-content\/uploads\/2019\/05\/painel.jpg",415,265,false],"large":["https:\/\/espacoecologico.com.br\/arquivo\/wp-content\/uploads\/2019\/05\/painel.jpg",415,265,false],"1536x1536":["https:\/\/espacoecologico.com.br\/arquivo\/wp-content\/uploads\/2019\/05\/painel.jpg",415,265,false],"2048x2048":["https:\/\/espacoecologico.com.br\/arquivo\/wp-content\/uploads\/2019\/05\/painel.jpg",415,265,false],"cream-magazine-thumbnail-2":["https:\/\/espacoecologico.com.br\/arquivo\/wp-content\/uploads\/2019\/05\/painel.jpg",415,265,false],"cream-magazine-thumbnail-3":["https:\/\/espacoecologico.com.br\/arquivo\/wp-content\/uploads\/2019\/05\/painel.jpg",415,265,false],"cream-magazine-thumbnail-4":["https:\/\/espacoecologico.com.br\/arquivo\/wp-content\/uploads\/2019\/05\/painel.jpg",415,265,false]},"uagb_author_info":{"display_name":"","author_link":"https:\/\/espacoecologico.com.br\/arquivo\/author\/"},"uagb_comment_info":0,"uagb_excerpt":"A humanidade est\u00e1 andando a passos r\u00e1pidos para sua deteriora\u00e7\u00e3o, \u00e9 o que revela um","_links":{"self":[{"href":"https:\/\/espacoecologico.com.br\/arquivo\/wp-json\/wp\/v2\/posts\/105431"}],"collection":[{"href":"https:\/\/espacoecologico.com.br\/arquivo\/wp-json\/wp\/v2\/posts"}],"about":[{"href":"https:\/\/espacoecologico.com.br\/arquivo\/wp-json\/wp\/v2\/types\/post"}],"author":[{"embeddable":true,"href":"https:\/\/espacoecologico.com.br\/arquivo\/wp-json\/wp\/v2\/users\/2"}],"replies":[{"embeddable":true,"href":"https:\/\/espacoecologico.com.br\/arquivo\/wp-json\/wp\/v2\/comments?post=105431"}],"version-history":[{"count":0,"href":"https:\/\/espacoecologico.com.br\/arquivo\/wp-json\/wp\/v2\/posts\/105431\/revisions"}],"wp:featuredmedia":[{"embeddable":true,"href":"https:\/\/espacoecologico.com.br\/arquivo\/wp-json\/wp\/v2\/media\/105433"}],"wp:attachment":[{"href":"https:\/\/espacoecologico.com.br\/arquivo\/wp-json\/wp\/v2\/media?parent=105431"}],"wp:term":[{"taxonomy":"category","embeddable":true,"href":"https:\/\/espacoecologico.com.br\/arquivo\/wp-json\/wp\/v2\/categories?post=105431"},{"taxonomy":"post_tag","embeddable":true,"href":"https:\/\/espacoecologico.com.br\/arquivo\/wp-json\/wp\/v2\/tags?post=105431"}],"curies":[{"name":"wp","href":"https:\/\/api.w.org\/{rel}","templated":true}]}}