{"id":105424,"date":"2019-05-07T11:00:11","date_gmt":"2019-05-07T14:00:11","guid":{"rendered":"https:\/\/espacoecologico.com.br\/arquivo\/?p=105424"},"modified":"2019-05-06T20:57:50","modified_gmt":"2019-05-06T23:57:50","slug":"especialistas-alertam-sobre-efeitos-nocivos-do-uso-de-celular-para-criancas","status":"publish","type":"post","link":"https:\/\/espacoecologico.com.br\/arquivo\/especialistas-alertam-sobre-efeitos-nocivos-do-uso-de-celular-para-criancas\/","title":{"rendered":"Especialistas alertam sobre efeitos nocivos do uso de celular para crian\u00e7as"},"content":{"rendered":"<p><a href=\"https:\/\/espacoecologico.com.br\/arquivo\/wp-content\/uploads\/2019\/05\/celular.jpg\"><img loading=\"lazy\" class=\"alignleft size-medium wp-image-105427\" src=\"https:\/\/espacoecologico.com.br\/arquivo\/wp-content\/uploads\/2019\/05\/celular-300x192.jpg\" alt=\"\" width=\"300\" height=\"192\" srcset=\"https:\/\/espacoecologico.com.br\/arquivo\/wp-content\/uploads\/2019\/05\/celular-300x192.jpg 300w, https:\/\/espacoecologico.com.br\/arquivo\/wp-content\/uploads\/2019\/05\/celular.jpg 415w\" sizes=\"(max-width: 300px) 100vw, 300px\" \/><\/a>Dificuldades na aprendizagem, sonol\u00eancia diurna, queda de aten\u00e7\u00e3o, ansiedade e altera\u00e7\u00e3o do humor. \u00c9 extensa a lista de problemas que o uso excessivo de celular ou tablet pode causar em crian\u00e7as. Por isso, os pais devem redobrar a aten\u00e7\u00e3o. Um estudo divulgado recentemente pela Organiza\u00e7\u00e3o Mundial da Sa\u00fade (OMS) defende que pequenos com menos de um ano de idade n\u00e3o devem ser expostos \u00e0s telas eletr\u00f4nicas. E, at\u00e9 os cinco anos, n\u00e3o devem passar mais de 60 minutos por dia em atividades passivas \u00e0 frente de uma tela de um dispositivo eletr\u00f4nico.<\/p>\n<p>A preocupa\u00e7\u00e3o aumenta \u00e0 medida que cresce o n\u00famero de celulares em opera\u00e7\u00e3o. Em 2017, eram 236,5 milh\u00f5es de aparelhos no Brasil \u2014 113 para cada cem habitantes. Esse excedente costuma cair nas m\u00e3os de adolescentes e at\u00e9 de pessoas com idades abaixo disso. Nos Estados Unidos, a ind\u00fastria local foi al\u00e9m. Produziu carrinhos de beb\u00ea com suporte para tablet. &#8220;O impacto tende a ser maior na crian\u00e7a, pois seu sistema nervoso est\u00e1 em forma\u00e7\u00e3o&#8221;, adverte o neurologista infantil Clay Brites, do Instituto Neurosaber.<\/p>\n<p>As principais consequ\u00eancias da exposi\u00e7\u00e3o excessiva s\u00e3o de ordem cognitiva, diretamente ligadas ao processo de aprendizagem. De acordo com um estudo feito pela pesquisadora e professora do IBMR Jacqueline Sobral sobre a influ\u00eancia dos aparelhos eletr\u00f4nicos no cotidiano das crian\u00e7as entre 3 e 6 anos, h\u00e1 quem apresente dificuldades at\u00e9 para segurar um l\u00e1pis, devido ao costume nos primeiros anos de vida em acionar comandos por meio do toque.<\/p>\n<p>A sonol\u00eancia ou a queda de aten\u00e7\u00e3o se d\u00e1 por um motivo simples: o jovem internauta preso \u00e0 telinha adia a hora de ir para a cama, e, com isso, a luz azul emitida pelos eletr\u00f4nicos afeta a produ\u00e7\u00e3o de melatonina, horm\u00f4nio que desacelera o metabolismo e nos prepara para o repouso.<\/p>\n<p>&#8220;O c\u00e9rebro entende que \u00e9 dia quando j\u00e1 \u00e9 noite&#8221;, explica o psiquiatra Frederico Porto, professor da Funda\u00e7\u00e3o Dom Cabral, em Belo Horizonte. &#8220;Desregula-se o rel\u00f3gio biol\u00f3gico, interferindo na s\u00edntese de horm\u00f4nios&#8221;. \u00c9 o que ocorre com o horm\u00f4nio leptina, ligado \u00e0 saciedade e diretamente ligado \u00e0 obesidade. Assim como o cortisol, que, desregulado, afeta o sistema imunol\u00f3gico, e o GH, horm\u00f4nio do crescimento, que pode prejudicar o desenvolvimento da crian\u00e7a.<\/p>\n<p><strong>H\u00e1bito de pai para filho<\/strong><\/p>\n<p>&#8220;Durante a minha pesquisa, verifiquei que os pais que relataram ter um consumo excessivo de celulares e tablets falavam exatamente a mesma coisa dos filhos. Existe um consumo espelhado. Se as crian\u00e7as usam muito o celular \u00e9 porque os pais deixam&#8221;, sinaliza a professora do IBMR Jacqueline Sobral, ressaltando a import\u00e2ncia dos pais no combate ao uso excessivo e desordenado de aparelhos tecnol\u00f3gicos por parte dos filhos.<\/p>\n<p>No entanto, a especialista avalia que n\u00e3o devemos demonizar a tecnologia, uma vez que se trata de um conhecimento desenvolvido pelos humanos e que cumpre fun\u00e7\u00e3o substancial de inser\u00e7\u00e3o social e desenvolvimento. &#8220;\u00c9 importante n\u00e3o achar que a tecnologia \u00e9 vil\u00e3. Mais de 80% das crian\u00e7as no Brasil, de 9 a 12 anos, j\u00e1 usa celulares ou tablets, ent\u00e3o a quest\u00e3o que devemos debater \u00e9 como usar esses aparelhos de forma saud\u00e1vel e n\u00e3o como bab\u00e1s eletr\u00f4nicas&#8221;, pondera a professora.<\/p>\n<p>Al\u00e9m de toda interfer\u00eancia na forma\u00e7\u00e3o das crian\u00e7as, h\u00e1 est\u00edmulos perigos escondidos na Web que podem levar a a\u00e7\u00f5es fatais. Em S\u00e3o Bernardo do Campo (SP), por exemplo, a pol\u00edcia apura a morte por parada card\u00edaca de uma garota de 7 anos, que, em fevereiro, teria inalado desodorante, imitando um v\u00eddeo de um desafio publicado na internet.<\/p>\n","protected":false},"excerpt":{"rendered":"<p>Dificuldades na aprendizagem, sonol\u00eancia diurna, queda de aten\u00e7\u00e3o, ansiedade e altera\u00e7\u00e3o do humor. \u00c9 extensa<\/p>\n","protected":false},"author":2,"featured_media":105427,"comment_status":"open","ping_status":"open","sticky":false,"template":"","format":"standard","meta":[],"categories":[],"tags":[],"uagb_featured_image_src":{"full":["https:\/\/espacoecologico.com.br\/arquivo\/wp-content\/uploads\/2019\/05\/celular.jpg",415,265,false],"thumbnail":["https:\/\/espacoecologico.com.br\/arquivo\/wp-content\/uploads\/2019\/05\/celular-150x150.jpg",150,150,true],"medium":["https:\/\/espacoecologico.com.br\/arquivo\/wp-content\/uploads\/2019\/05\/celular-300x192.jpg",300,192,true],"medium_large":["https:\/\/espacoecologico.com.br\/arquivo\/wp-content\/uploads\/2019\/05\/celular.jpg",415,265,false],"large":["https:\/\/espacoecologico.com.br\/arquivo\/wp-content\/uploads\/2019\/05\/celular.jpg",415,265,false],"1536x1536":["https:\/\/espacoecologico.com.br\/arquivo\/wp-content\/uploads\/2019\/05\/celular.jpg",415,265,false],"2048x2048":["https:\/\/espacoecologico.com.br\/arquivo\/wp-content\/uploads\/2019\/05\/celular.jpg",415,265,false],"cream-magazine-thumbnail-2":["https:\/\/espacoecologico.com.br\/arquivo\/wp-content\/uploads\/2019\/05\/celular.jpg",415,265,false],"cream-magazine-thumbnail-3":["https:\/\/espacoecologico.com.br\/arquivo\/wp-content\/uploads\/2019\/05\/celular.jpg",415,265,false],"cream-magazine-thumbnail-4":["https:\/\/espacoecologico.com.br\/arquivo\/wp-content\/uploads\/2019\/05\/celular.jpg",415,265,false]},"uagb_author_info":{"display_name":"","author_link":"https:\/\/espacoecologico.com.br\/arquivo\/author\/"},"uagb_comment_info":0,"uagb_excerpt":"Dificuldades na aprendizagem, sonol\u00eancia diurna, queda de aten\u00e7\u00e3o, ansiedade e altera\u00e7\u00e3o do humor. \u00c9 extensa","_links":{"self":[{"href":"https:\/\/espacoecologico.com.br\/arquivo\/wp-json\/wp\/v2\/posts\/105424"}],"collection":[{"href":"https:\/\/espacoecologico.com.br\/arquivo\/wp-json\/wp\/v2\/posts"}],"about":[{"href":"https:\/\/espacoecologico.com.br\/arquivo\/wp-json\/wp\/v2\/types\/post"}],"author":[{"embeddable":true,"href":"https:\/\/espacoecologico.com.br\/arquivo\/wp-json\/wp\/v2\/users\/2"}],"replies":[{"embeddable":true,"href":"https:\/\/espacoecologico.com.br\/arquivo\/wp-json\/wp\/v2\/comments?post=105424"}],"version-history":[{"count":0,"href":"https:\/\/espacoecologico.com.br\/arquivo\/wp-json\/wp\/v2\/posts\/105424\/revisions"}],"wp:featuredmedia":[{"embeddable":true,"href":"https:\/\/espacoecologico.com.br\/arquivo\/wp-json\/wp\/v2\/media\/105427"}],"wp:attachment":[{"href":"https:\/\/espacoecologico.com.br\/arquivo\/wp-json\/wp\/v2\/media?parent=105424"}],"wp:term":[{"taxonomy":"category","embeddable":true,"href":"https:\/\/espacoecologico.com.br\/arquivo\/wp-json\/wp\/v2\/categories?post=105424"},{"taxonomy":"post_tag","embeddable":true,"href":"https:\/\/espacoecologico.com.br\/arquivo\/wp-json\/wp\/v2\/tags?post=105424"}],"curies":[{"name":"wp","href":"https:\/\/api.w.org\/{rel}","templated":true}]}}