{"id":105420,"date":"2019-05-07T10:00:11","date_gmt":"2019-05-07T13:00:11","guid":{"rendered":"https:\/\/espacoecologico.com.br\/arquivo\/?p=105420"},"modified":"2019-05-06T20:46:46","modified_gmt":"2019-05-06T23:46:46","slug":"tres-especies-de-baleias-estao-em-perigo-no-canada-segundo-relatorio","status":"publish","type":"post","link":"https:\/\/espacoecologico.com.br\/arquivo\/tres-especies-de-baleias-estao-em-perigo-no-canada-segundo-relatorio\/","title":{"rendered":"Tr\u00eas esp\u00e9cies de baleias est\u00e3o em perigo no Canad\u00e1, segundo relat\u00f3rio"},"content":{"rendered":"<p><a href=\"https:\/\/espacoecologico.com.br\/arquivo\/wp-content\/uploads\/2019\/05\/baleias.jpg\"><img loading=\"lazy\" class=\"alignleft size-medium wp-image-105421\" src=\"https:\/\/espacoecologico.com.br\/arquivo\/wp-content\/uploads\/2019\/05\/baleias-300x192.jpg\" alt=\"\" width=\"300\" height=\"192\" srcset=\"https:\/\/espacoecologico.com.br\/arquivo\/wp-content\/uploads\/2019\/05\/baleias-300x192.jpg 300w, https:\/\/espacoecologico.com.br\/arquivo\/wp-content\/uploads\/2019\/05\/baleias.jpg 415w\" sizes=\"(max-width: 300px) 100vw, 300px\" \/><\/a>Tr\u00eas esp\u00e9cies de baleias, entre elas duas das maiores do mundo, est\u00e3o amea\u00e7adas no Canad\u00e1, segundo relat\u00f3rio de uma ag\u00eancia do governo federal publicado nesta segunda-feira.<\/p>\n<p>As baleias Sei (ou boreal), piloto-de-aleta-curta e as bicuda-de-sowerby s\u00e3o consideradas agora \u201cem perigo em \u00e1guas canadenses\u201d, segundo o Comit\u00ea sobre a Situa\u00e7\u00e3o das Esp\u00e9cies em Perigo no Canad\u00e1 (Cosepaq).<\/p>\n<p>Estas tr\u00eas esp\u00e9cies de cet\u00e1ceos \u201cest\u00e3o amea\u00e7adas pela atividade humana\u201d porque \u201cficam presas nas redes de pesca e s\u00e3o atingidas ou mortas por um n\u00famero cada vez maior de grandes embarca\u00e7\u00f5es\u201d, segundo comunicado do organismo.<\/p>\n<p>Al\u00e9m disso, \u201co ru\u00eddo causado pelos barcos, os exerc\u00edcios navais e as atividades de prospec\u00e7\u00e3o s\u00edsmica atuais comprometem sua comunica\u00e7\u00e3o e sobreviv\u00eancia\u201d.<\/p>\n<p>A baleia Sei est\u00e1 considerada em perigo de extin\u00e7\u00e3o, e a situa\u00e7\u00e3o das esp\u00e9cies piloto-de-aleta-curta e as bicuda-de-sowerby \u00e9 \u201cpreocupante\u201d, segundo a organiza\u00e7\u00e3o.<\/p>\n<p>Em fevereiro, o governo canadense anunciou uma s\u00e9rie de medidas para aumentar a prote\u00e7\u00e3o da baleia-franca, em perigo de extin\u00e7\u00e3o, entre elas as restri\u00e7\u00f5es nas \u00e1reas de pesca e a limita\u00e7\u00e3o da velocidade m\u00e1xima para as embarca\u00e7\u00f5es maiores en certas \u00e1reas do pa\u00eds, como o golfo de San Lorenzo, onde foram encontradas 12 animais dessa esp\u00e9cie mortos em poucos meses de 2017. Nesta regi\u00e3o, viviam 25% desses cet\u00e1ceos, que est\u00e3o entre os mais amea\u00e7ados do mundo.<\/p>\n","protected":false},"excerpt":{"rendered":"<p>Tr\u00eas esp\u00e9cies de baleias, entre elas duas das maiores do mundo, est\u00e3o amea\u00e7adas no Canad\u00e1,<\/p>\n","protected":false},"author":2,"featured_media":105421,"comment_status":"open","ping_status":"open","sticky":false,"template":"","format":"standard","meta":[],"categories":[],"tags":[],"uagb_featured_image_src":{"full":["https:\/\/espacoecologico.com.br\/arquivo\/wp-content\/uploads\/2019\/05\/baleias.jpg",415,265,false],"thumbnail":["https:\/\/espacoecologico.com.br\/arquivo\/wp-content\/uploads\/2019\/05\/baleias-150x150.jpg",150,150,true],"medium":["https:\/\/espacoecologico.com.br\/arquivo\/wp-content\/uploads\/2019\/05\/baleias-300x192.jpg",300,192,true],"medium_large":["https:\/\/espacoecologico.com.br\/arquivo\/wp-content\/uploads\/2019\/05\/baleias.jpg",415,265,false],"large":["https:\/\/espacoecologico.com.br\/arquivo\/wp-content\/uploads\/2019\/05\/baleias.jpg",415,265,false],"1536x1536":["https:\/\/espacoecologico.com.br\/arquivo\/wp-content\/uploads\/2019\/05\/baleias.jpg",415,265,false],"2048x2048":["https:\/\/espacoecologico.com.br\/arquivo\/wp-content\/uploads\/2019\/05\/baleias.jpg",415,265,false],"cream-magazine-thumbnail-2":["https:\/\/espacoecologico.com.br\/arquivo\/wp-content\/uploads\/2019\/05\/baleias.jpg",415,265,false],"cream-magazine-thumbnail-3":["https:\/\/espacoecologico.com.br\/arquivo\/wp-content\/uploads\/2019\/05\/baleias.jpg",415,265,false],"cream-magazine-thumbnail-4":["https:\/\/espacoecologico.com.br\/arquivo\/wp-content\/uploads\/2019\/05\/baleias.jpg",415,265,false]},"uagb_author_info":{"display_name":"","author_link":"https:\/\/espacoecologico.com.br\/arquivo\/author\/"},"uagb_comment_info":0,"uagb_excerpt":"Tr\u00eas esp\u00e9cies de baleias, entre elas duas das maiores do mundo, est\u00e3o amea\u00e7adas no Canad\u00e1,","_links":{"self":[{"href":"https:\/\/espacoecologico.com.br\/arquivo\/wp-json\/wp\/v2\/posts\/105420"}],"collection":[{"href":"https:\/\/espacoecologico.com.br\/arquivo\/wp-json\/wp\/v2\/posts"}],"about":[{"href":"https:\/\/espacoecologico.com.br\/arquivo\/wp-json\/wp\/v2\/types\/post"}],"author":[{"embeddable":true,"href":"https:\/\/espacoecologico.com.br\/arquivo\/wp-json\/wp\/v2\/users\/2"}],"replies":[{"embeddable":true,"href":"https:\/\/espacoecologico.com.br\/arquivo\/wp-json\/wp\/v2\/comments?post=105420"}],"version-history":[{"count":0,"href":"https:\/\/espacoecologico.com.br\/arquivo\/wp-json\/wp\/v2\/posts\/105420\/revisions"}],"wp:featuredmedia":[{"embeddable":true,"href":"https:\/\/espacoecologico.com.br\/arquivo\/wp-json\/wp\/v2\/media\/105421"}],"wp:attachment":[{"href":"https:\/\/espacoecologico.com.br\/arquivo\/wp-json\/wp\/v2\/media?parent=105420"}],"wp:term":[{"taxonomy":"category","embeddable":true,"href":"https:\/\/espacoecologico.com.br\/arquivo\/wp-json\/wp\/v2\/categories?post=105420"},{"taxonomy":"post_tag","embeddable":true,"href":"https:\/\/espacoecologico.com.br\/arquivo\/wp-json\/wp\/v2\/tags?post=105420"}],"curies":[{"name":"wp","href":"https:\/\/api.w.org\/{rel}","templated":true}]}}