{"id":105411,"date":"2019-05-07T15:00:43","date_gmt":"2019-05-07T18:00:43","guid":{"rendered":"https:\/\/espacoecologico.com.br\/arquivo\/?p=105411"},"modified":"2019-05-06T20:29:41","modified_gmt":"2019-05-06T23:29:41","slug":"como-a-mudanca-climatica-esta-deixando-os-paises-ricos-mais-ricos-e-os-pobres-mais-pobres","status":"publish","type":"post","link":"https:\/\/espacoecologico.com.br\/arquivo\/como-a-mudanca-climatica-esta-deixando-os-paises-ricos-mais-ricos-e-os-pobres-mais-pobres\/","title":{"rendered":"Como a mudan\u00e7a clim\u00e1tica est\u00e1 deixando os pa\u00edses ricos mais ricos, e os pobres mais pobres"},"content":{"rendered":"<div class=\"mc-column content-text active-extra-styles active-capital-letter\" data-block-type=\"unstyled\" data-block-weight=\"21\" data-block-id=\"2\">\n<p class=\"content-text__container theme-color-primary-first-letter\" data-track-category=\"Link no Texto\" data-track-links=\"\"><a href=\"https:\/\/espacoecologico.com.br\/arquivo\/wp-content\/uploads\/2019\/05\/desigualdade.jpg\"><img loading=\"lazy\" class=\"alignleft size-medium wp-image-105412\" src=\"https:\/\/espacoecologico.com.br\/arquivo\/wp-content\/uploads\/2019\/05\/desigualdade-300x192.jpg\" alt=\"\" width=\"300\" height=\"192\" srcset=\"https:\/\/espacoecologico.com.br\/arquivo\/wp-content\/uploads\/2019\/05\/desigualdade-300x192.jpg 300w, https:\/\/espacoecologico.com.br\/arquivo\/wp-content\/uploads\/2019\/05\/desigualdade.jpg 415w\" sizes=\"(max-width: 300px) 100vw, 300px\" \/><\/a>A temperatura est\u00e1 aumentando no mundo como um todo, mas as consequ\u00eancias disso n\u00e3o s\u00e3o as mesmas para todos os pa\u00edses.<\/p>\n<\/div>\n<div class=\"wall protected-content\">\n<div class=\"mc-column content-text active-extra-styles \" data-block-type=\"unstyled\" data-block-weight=\"38\" data-block-id=\"3\">\n<p class=\"content-text__container \" data-track-category=\"Link no Texto\" data-track-links=\"\">No \u00faltimo s\u00e9culo, a mudan\u00e7a clim\u00e1tica aumentou a desigualdade entre as na\u00e7\u00f5es, puxando para baixo o crescimento econ\u00f4mico dos pa\u00edses mais pobres e aumentando a prosperidade de alguns dos pa\u00edses mais ricos do planeta, aponta uma nova pesquisa.<\/p>\n<\/div>\n<div class=\"mc-column content-text active-extra-styles \" data-block-type=\"unstyled\" data-block-weight=\"36\" data-block-id=\"4\">\n<p class=\"content-text__container \" data-track-category=\"Link no Texto\" data-track-links=\"\">O abismo entre as na\u00e7\u00f5es mais pobres e as mais ricas do mundo \u00e9 25% maior do que seria sem o aquecimento global entre 1961 e 2010, diz um estudo da Universidade de Stanford, na Calif\u00f3rnia.<\/p>\n<\/div>\n<div class=\"mc-column content-text active-extra-styles \" data-block-type=\"unstyled\" data-block-weight=\"29\" data-block-id=\"5\">\n<p class=\"content-text__container \" data-track-category=\"Link no Texto\" data-track-links=\"\">Pa\u00edses tropicais africanos foram os mais afetados- os Produtos Internos Brutos da Maurit\u00e2nia e do N\u00edger est\u00e3o 40% menores do que estariam se as temperaturas n\u00e3o estivessem aumentando progressivamente.<\/p>\n<\/div>\n<div class=\"mc-column content-text active-extra-styles \" data-block-type=\"unstyled\" data-block-weight=\"20\" data-block-id=\"6\">\n<p class=\"content-text__container \" data-track-category=\"Link no Texto\" data-track-links=\"\">O Brasil, que \u00e9 nona maior economia do mundo, teria tido um crescimento 25% maior se n\u00e3o houvesse aquecimento global.<\/p>\n<\/div>\n<div class=\"mc-column content-text active-extra-styles \" data-block-type=\"unstyled\" data-block-weight=\"34\" data-block-id=\"7\">\n<p class=\"content-text__container \" data-track-category=\"Link no Texto\" data-track-links=\"\">A \u00cdndia- que, segundo o Fundo Monet\u00e1rio Internacional (FMI), se tornar\u00e1 a quinta maior economia do mundo neste ano- atingiu um PIB 31% menor em 2010 por causa do aquecimento global, diz a pesquisa.<\/p>\n<\/div>\n<div class=\"mc-column content-text active-extra-styles \" data-block-type=\"unstyled\" data-block-weight=\"36\" data-block-id=\"8\">\n<p class=\"content-text__container \" data-track-category=\"Link no Texto\" data-track-links=\"\">Por outro lado, conforme o estudo, publicado na revista acad\u00eamica National Academy of Sciences, o aquecimento global contribuiu para o crescimento do PIB de v\u00e1rios pa\u00edses ricos, inclusive de alguns dos maiores emissores de gases poluentes.<\/p>\n<\/div>\n<div class=\"row medium-uncollapsed content-media content-photo\" data-block-type=\"backstage-photo\" data-block-id=\"9\">\n<div class=\"mc-column content-media__container\">\n<div class=\"progressive-img can-open-lightbox\" data-min-size=\"1008x1530\" data-min-size-url=\"https:\/\/s2.glbimg.com\/x8oYappaVh1B04pKlhPJ55a7XMI=\/0x0:1280x1944\/1008x0\/smart\/filters:strip_icc()\/i.s3.glbimg.com\/v1\/AUTH_59edd422c0c84a879bd37670ae4f538a\/internal_photos\/bs\/2019\/q\/I\/5tEAGnSVGp0oDMRrXhLQ\/bbcfoto-2-grafico-bbc.png\" data-max-size=\"1600x2430\" data-max-size-url=\"https:\/\/s2.glbimg.com\/2rjsQBDekRpTKw48MQ5hqri23T0=\/0x0:1280x1944\/1600x0\/smart\/filters:strip_icc()\/i.s3.glbimg.com\/v1\/AUTH_59edd422c0c84a879bd37670ae4f538a\/internal_photos\/bs\/2019\/q\/I\/5tEAGnSVGp0oDMRrXhLQ\/bbcfoto-2-grafico-bbc.png\" data-media-index=\"1\">\n<div class=\"placeholder-container\"><\/div>\n<picture><img loading=\"lazy\" class=\"image content-media__image progressive-loaded\" title=\" \u2014 Foto: BBC\" src=\"https:\/\/s2.glbimg.com\/O_691FCKpgU3_qL4Sq4fJCV60b8=\/0x0:1280x1944\/984x0\/smart\/filters:strip_icc()\/i.s3.glbimg.com\/v1\/AUTH_59edd422c0c84a879bd37670ae4f538a\/internal_photos\/bs\/2019\/q\/I\/5tEAGnSVGp0oDMRrXhLQ\/bbcfoto-2-grafico-bbc.png\" alt=\" \u2014 Foto: BBC\" width=\"639\" height=\"970\" data-src=\"https:\/\/s2.glbimg.com\/O_691FCKpgU3_qL4Sq4fJCV60b8=\/0x0:1280x1944\/984x0\/smart\/filters:strip_icc()\/i.s3.glbimg.com\/v1\/AUTH_59edd422c0c84a879bd37670ae4f538a\/internal_photos\/bs\/2019\/q\/I\/5tEAGnSVGp0oDMRrXhLQ\/bbcfoto-2-grafico-bbc.png\" \/><\/picture>\n<\/div>\n<p class=\"content-media__description \">\u2014 Foto: BBC<\/p>\n<\/div>\n<\/div>\n<div class=\"content-ads content-ads--reveal\" data-block-type=\"ads\" data-block-id=\"10\"><\/div>\n<div class=\"mc-column content-text active-extra-styles\" data-block-type=\"raw\" data-block-weight=\"4\" data-block-id=\"11\">\n<div class=\"content-intertitle\">\n<h2>O problema do calor<\/h2>\n<\/div>\n<\/div>\n<div class=\"mc-column content-text active-extra-styles \" data-block-type=\"unstyled\" data-block-weight=\"32\" data-block-id=\"12\">\n<p class=\"content-text__container \" data-track-category=\"Link no Texto\" data-track-links=\"\">Um dos autores da pesquisa, Marshal Burke, do Earth System Science, da Universidade de Stanford, passou anos analisando a rela\u00e7\u00e3o entre temperatura e flutua\u00e7\u00e3o econ\u00f4mica em 165 pa\u00edses, entre 1961 e 2010.<\/p>\n<\/div>\n<div class=\"mc-column content-text active-extra-styles \" data-block-type=\"unstyled\" data-block-weight=\"47\" data-block-id=\"13\">\n<p class=\"content-text__container \" data-track-category=\"Link no Texto\" data-track-links=\"\">O estudo usou mais de 20 modelos clim\u00e1ticos para determinar quanto cada pa\u00eds aqueceu em decorr\u00eancia do aquecimento global provocado pelos seres humanos. Ele, ent\u00e3o, calculou 20 mil vers\u00f5es de qual seria a taxa de crescimento anual dessas na\u00e7\u00f5es se n\u00e3o tivesse havido esse aumento na temperatura.<\/p>\n<\/div>\n<div class=\"mc-column content-text active-extra-styles \" data-block-type=\"unstyled\" data-block-weight=\"26\" data-block-id=\"14\">\n<p class=\"content-text__container \" data-track-category=\"Link no Texto\" data-track-links=\"\">Burke demonstrou que, nos anos que registraram climas mais quentes que a m\u00e9dia, o crescimento econ\u00f4mico acelerou nos pa\u00edses mais frios e reduziu, nos mais quentes.<\/p>\n<\/div>\n<div class=\"mc-column content-text active-extra-styles \" data-block-type=\"unstyled\" data-block-weight=\"34\" data-block-id=\"15\">\n<p class=\"content-text__container \" data-track-category=\"Link no Texto\" data-track-links=\"\">&#8220;Os dados hist\u00f3ricos mostram claramente que as planta\u00e7\u00f5es s\u00e3o mais produtivas, e as pessoas s\u00e3o mais saud\u00e1veis e mais produtivas no trabalho quando as temperaturas n\u00e3o s\u00e3o nem t\u00e3o quentes nem t\u00e3o frias&#8221;, explica.<\/p>\n<\/div>\n<div class=\"mc-column content-text active-extra-styles \" data-block-type=\"unstyled\" data-block-weight=\"34\" data-block-id=\"16\">\n<p class=\"content-text__container \" data-track-category=\"Link no Texto\" data-track-links=\"\">O pesquisador argumenta que pa\u00edses frios se beneficiaram do efeito do aquecimento global ao vislumbrarem alguns anos de temperaturas mais amenas, enquanto os pa\u00edses quentes foram &#8220;punidos&#8221; com temperaturas mais extremas que o normal.<\/p>\n<\/div>\n<div class=\"mc-column content-text active-extra-styles \" data-block-type=\"unstyled\" data-block-weight=\"22\" data-block-id=\"17\">\n<p class=\"content-text__container \" data-track-category=\"Link no Texto\" data-track-links=\"\">Noah Diffenbaug, que liderou a pesquisa, disse \u00e0 BBC News que a temperatura afeta a economia de um pa\u00eds de diferentes maneiras.<\/p>\n<\/div>\n<div class=\"row medium-uncollapsed content-media content-photo\" data-block-type=\"backstage-photo\" data-block-id=\"18\">\n<div class=\"mc-column content-media__container\">\n<div class=\"progressive-img can-open-lightbox\" data-min-size=\"1008x798\" data-min-size-url=\"https:\/\/s2.glbimg.com\/Vzk6jdJwy8k5ZWAC_oB6Khzka0U=\/0x0:1280x1014\/1008x0\/smart\/filters:strip_icc()\/i.s3.glbimg.com\/v1\/AUTH_59edd422c0c84a879bd37670ae4f538a\/internal_photos\/bs\/2019\/i\/m\/PuAZGnRxqUyzzcYslx8g\/bbcfoto-3-grafico-2-bbc.png\" data-max-size=\"1600x1267\" data-max-size-url=\"https:\/\/s2.glbimg.com\/mRA9jV-2pHlaYRJlrjIubY2kxf4=\/0x0:1280x1014\/1600x0\/smart\/filters:strip_icc()\/i.s3.glbimg.com\/v1\/AUTH_59edd422c0c84a879bd37670ae4f538a\/internal_photos\/bs\/2019\/i\/m\/PuAZGnRxqUyzzcYslx8g\/bbcfoto-3-grafico-2-bbc.png\" data-media-index=\"2\">\n<div class=\"placeholder-container\"><\/div>\n<picture><img loading=\"lazy\" class=\"image content-media__image progressive-loaded\" title=\" \u2014 Foto: BBC\" src=\"https:\/\/s2.glbimg.com\/St3ANxzuC6MOr2dbquT_-ymUwQA=\/0x0:1280x1014\/984x0\/smart\/filters:strip_icc()\/i.s3.glbimg.com\/v1\/AUTH_59edd422c0c84a879bd37670ae4f538a\/internal_photos\/bs\/2019\/i\/m\/PuAZGnRxqUyzzcYslx8g\/bbcfoto-3-grafico-2-bbc.png\" alt=\" \u2014 Foto: BBC\" width=\"640\" height=\"507\" data-src=\"https:\/\/s2.glbimg.com\/St3ANxzuC6MOr2dbquT_-ymUwQA=\/0x0:1280x1014\/984x0\/smart\/filters:strip_icc()\/i.s3.glbimg.com\/v1\/AUTH_59edd422c0c84a879bd37670ae4f538a\/internal_photos\/bs\/2019\/i\/m\/PuAZGnRxqUyzzcYslx8g\/bbcfoto-3-grafico-2-bbc.png\" \/><\/picture>\n<\/div>\n<p class=\"content-media__description \">\u2014 Foto: BBC<\/p>\n<\/div>\n<\/div>\n<div class=\"mc-column content-text active-extra-styles \" data-block-type=\"unstyled\" data-block-weight=\"36\" data-block-id=\"19\">\n<p class=\"content-text__container \" data-track-category=\"Link no Texto\" data-track-links=\"\">&#8220;Por exemplo, a agricultura. Pa\u00edses frios t\u00eam per\u00edodos limitados para germina\u00e7\u00e3o, por causa do inverno com temperaturas muito frias. Por outro lado, obtivemos evid\u00eancias de que a produ\u00e7\u00e3o agr\u00edcola declina acentuadamente em temperaturas muito altas&#8221;, diz.<\/p>\n<\/div>\n<div class=\"mc-column content-text active-extra-styles \" data-block-type=\"unstyled\" data-block-weight=\"29\" data-block-id=\"21\">\n<p class=\"content-text__container \" data-track-category=\"Link no Texto\" data-track-links=\"\">&#8220;Da mesma maneira, h\u00e1 evid\u00eancias de que a capacidade de trabalho decai em temperaturas quentes, assim como a performance cognitiva. E os conflitos interpessoais aumentam em climas quentes tamb\u00e9m.&#8221;<\/p>\n<\/div>\n<div class=\"mc-column content-text active-extra-styles\" data-block-type=\"raw\" data-block-weight=\"8\" data-block-id=\"22\">\n<div class=\"content-intertitle\">\n<h2>Impacto a longo prazo \u00e9 ruim para todos<\/h2>\n<\/div>\n<\/div>\n<div class=\"mc-column content-text active-extra-styles \" data-block-type=\"unstyled\" data-block-weight=\"35\" data-block-id=\"23\">\n<p class=\"content-text__container \" data-track-category=\"Link no Texto\" data-track-links=\"\">Os pesquisadores dizem que, enquanto h\u00e1 certa incerteza sobre o tamanho dos benef\u00edcios obtidos pelos pa\u00edses mais ricos e frios, o impacto do aquecimento global em na\u00e7\u00f5es de clima quente n\u00e3o deixa margem para d\u00favida.<\/p>\n<\/div>\n<div class=\"mc-column content-text active-extra-styles \" data-block-type=\"unstyled\" data-block-weight=\"20\" data-block-id=\"24\">\n<p class=\"content-text__container \" data-track-category=\"Link no Texto\" data-track-links=\"\">Na realidade, se tivessem considerado o aquecimento global desde o per\u00edodo da Revolu\u00e7\u00e3o Industrial, os efeitos seriam ainda mais significativos.<\/p>\n<\/div>\n<div class=\"mc-column content-text active-extra-styles \" data-block-type=\"unstyled\" data-block-weight=\"33\" data-block-id=\"25\">\n<p class=\"content-text__container \" data-track-category=\"Link no Texto\" data-track-links=\"\">&#8220;Os achados dessa pesquisa s\u00e3o consistentes com conhecimentos que j\u00e1 t\u00ednhamos, como o fato de que as mudan\u00e7as clim\u00e1ticas agem como multiplicador de amea\u00e7as, agravando vulnerabilidades&#8221;, afirmou Happy Khambule, consultor do Greenpeace \u00c1frica.<\/p>\n<\/div>\n<div class=\"mc-column content-text active-extra-styles \" data-block-type=\"unstyled\" data-block-weight=\"36\" data-block-id=\"26\">\n<p class=\"content-text__container \" data-track-category=\"Link no Texto\" data-track-links=\"\">&#8220;Isso significa que os mais pobres e vulner\u00e1veis est\u00e3o na linha de frente das mudan\u00e7as clim\u00e1ticas, e os pa\u00edses em desenvolvimento est\u00e3o tendo de lidar com temperaturas cada vez mais extremas, que tolhem o seu desenvolvimento.&#8221;<\/p>\n<\/div>\n<div class=\"mc-column content-text active-extra-styles \" data-block-type=\"unstyled\" data-block-weight=\"27\" data-block-id=\"27\">\n<p class=\"content-text__container \" data-track-category=\"Link no Texto\" data-track-links=\"\">A falta de resili\u00eancia de Mo\u00e7ambique ficou evidente ap\u00f3s o ciclone Kenneth- que provocou mais de 40 mortes- atingir o pa\u00eds em 25 de abril, diz Khambule.<\/p>\n<\/div>\n<div class=\"mc-column content-text active-extra-styles \" data-block-type=\"unstyled\" data-block-weight=\"19\" data-block-id=\"28\">\n<p class=\"content-text__container \" data-track-category=\"Link no Texto\" data-track-links=\"\">Em mar\u00e7o, mais de 900 pessoas morreram em Mo\u00e7ambique, no Malau\u00ed e na Z\u00e2mbia como consequ\u00eancia do ciclone Idai.<\/p>\n<\/div>\n<div class=\"mc-column content-text active-extra-styles \" data-block-type=\"unstyled\" data-block-weight=\"35\" data-block-id=\"29\">\n<p class=\"content-text__container \" data-track-category=\"Link no Texto\" data-track-links=\"\">At\u00e9 a \u00c1frica do Sul, que se beneficia de uma infraestrutura mais sofisticada, sofreu com eventos clim\u00e1ticos extremos, como a crise da seca em 2018 e as recentes enchentes na prov\u00edncia de KwaZulu-Natal, afirma Khambule.<\/p>\n<\/div>\n<div class=\"mc-column content-text active-extra-styles \" data-block-type=\"unstyled\" data-block-weight=\"21\" data-block-id=\"30\">\n<p class=\"content-text__container \" data-track-category=\"Link no Texto\" data-track-links=\"\">&#8220;Pa\u00edses africanos t\u00eam contribu\u00eddo muito pouco para a piora do aquecimento global, mas s\u00e3o os que mais est\u00e3o sofrendo seus impactos.&#8221;<\/p>\n<\/div>\n<div class=\"row medium-uncollapsed content-media content-photo\" data-block-type=\"backstage-photo\" data-block-id=\"31\">\n<div class=\"mc-column content-media__container\">\n<div class=\"progressive-img can-open-lightbox\" data-min-size=\"1008x671\" data-min-size-url=\"https:\/\/s2.glbimg.com\/WT-0Ij-7ni3rx_r9osliMLryRj8=\/0x0:1000x666\/1008x0\/smart\/filters:strip_icc()\/i.s3.glbimg.com\/v1\/AUTH_59edd422c0c84a879bd37670ae4f538a\/internal_photos\/bs\/2019\/t\/B\/rDLfWBToCcdvMgeWwnTw\/bbcfoto-5-o-aquecimento-global-prejudicou-economias-como-a-da-india-e-de-varios-paises-da-africa-diz-o-estudo-getty.jpg\" data-max-size=\"1600x1065\" data-max-size-url=\"https:\/\/s2.glbimg.com\/Q0tM2hMcVW032FExvl42E56Yd7k=\/0x0:1000x666\/1600x0\/smart\/filters:strip_icc()\/i.s3.glbimg.com\/v1\/AUTH_59edd422c0c84a879bd37670ae4f538a\/internal_photos\/bs\/2019\/t\/B\/rDLfWBToCcdvMgeWwnTw\/bbcfoto-5-o-aquecimento-global-prejudicou-economias-como-a-da-india-e-de-varios-paises-da-africa-diz-o-estudo-getty.jpg\" data-media-index=\"3\">\n<div class=\"placeholder-container\"><\/div>\n<picture><img loading=\"lazy\" class=\"image content-media__image progressive-loaded\" title=\"O aquecimento global prejudicou economias como a da \u00cdndia e de v\u00e1rios pa\u00edses da \u00c1frica, diz o estudo \u2014 Foto: Getty Images\" src=\"https:\/\/s2.glbimg.com\/iX0-aoME_MP5ta-Pz70i7ifVV2I=\/0x0:1000x666\/984x0\/smart\/filters:strip_icc()\/i.s3.glbimg.com\/v1\/AUTH_59edd422c0c84a879bd37670ae4f538a\/internal_photos\/bs\/2019\/t\/B\/rDLfWBToCcdvMgeWwnTw\/bbcfoto-5-o-aquecimento-global-prejudicou-economias-como-a-da-india-e-de-varios-paises-da-africa-diz-o-estudo-getty.jpg\" alt=\"O aquecimento global prejudicou economias como a da \u00cdndia e de v\u00e1rios pa\u00edses da \u00c1frica, diz o estudo \u2014 Foto: Getty Images\" width=\"639\" height=\"426\" data-src=\"https:\/\/s2.glbimg.com\/iX0-aoME_MP5ta-Pz70i7ifVV2I=\/0x0:1000x666\/984x0\/smart\/filters:strip_icc()\/i.s3.glbimg.com\/v1\/AUTH_59edd422c0c84a879bd37670ae4f538a\/internal_photos\/bs\/2019\/t\/B\/rDLfWBToCcdvMgeWwnTw\/bbcfoto-5-o-aquecimento-global-prejudicou-economias-como-a-da-india-e-de-varios-paises-da-africa-diz-o-estudo-getty.jpg\" \/><\/picture>\n<\/div>\n<p class=\"content-media__description \">O aquecimento global prejudicou economias como a da \u00cdndia e de v\u00e1rios pa\u00edses da \u00c1frica, diz o estudo \u2014 Foto: Getty Images<\/p>\n<\/div>\n<\/div>\n<div class=\"mc-column content-text active-extra-styles\" data-block-type=\"raw\" data-block-weight=\"1\" data-block-id=\"33\">\n<div class=\"content-intertitle\">\n<h2>Injusti\u00e7a<\/h2>\n<\/div>\n<\/div>\n<div class=\"mc-column content-text active-extra-styles \" data-block-type=\"unstyled\" data-block-weight=\"54\" data-block-id=\"34\">\n<p class=\"content-text__container \" data-track-category=\"Link no Texto\" data-track-links=\"\">De acordo com a pesquisa, entre 1961 e 2010, todos os 18 pa\u00edses com emiss\u00f5es hist\u00f3ricas que totalizam menos de 10 toneladas de di\u00f3xido de carbono per capita foram impactados negativamente pelo aquecimento global. Eles tiveram, em m\u00e9dia, uma redu\u00e7\u00e3o de 27% no PIB per capita comparado a um cen\u00e1rio sem alta nas temperaturas.<\/p>\n<\/div>\n<div class=\"mc-column content-text active-extra-styles \" data-block-type=\"unstyled\" data-block-weight=\"32\" data-block-id=\"35\">\n<p class=\"content-text__container \" data-track-category=\"Link no Texto\" data-track-links=\"\">Por outro lado, 14 dos 19 pa\u00edses cujas emiss\u00f5es ultrapassam 300 toneladas de di\u00f3xido de carbono per capita se beneficiaram do aquecimento global, tendo um crescimento m\u00e9dio adicional de 13% no PIB.<\/p>\n<\/div>\n<div class=\"mc-column content-text active-extra-styles \" data-block-type=\"unstyled\" data-block-weight=\"29\" data-block-id=\"36\">\n<p class=\"content-text__container \" data-track-category=\"Link no Texto\" data-track-links=\"\">&#8220;Al\u00e9m de n\u00e3o terem compartilhado dos benef\u00edcios do consumo de energia, os pa\u00edses pobres se tornaram mais pobres com o consumo de energia pelas na\u00e7\u00f5es ricas&#8221;, destaca a pesquisa.<\/p>\n<\/div>\n<div class=\"mc-column content-text active-extra-styles \" data-block-type=\"unstyled\" data-block-weight=\"8\" data-block-id=\"37\">\n<p class=\"content-text__container \" data-track-category=\"Link no Texto\" data-track-links=\"\">Mas essas descobertas tamb\u00e9m foram alvo de cr\u00edticas.<\/p>\n<\/div>\n<div class=\"mc-column content-text active-extra-styles \" data-block-type=\"unstyled\" data-block-weight=\"32\" data-block-id=\"38\">\n<p class=\"content-text__container \" data-track-category=\"Link no Texto\" data-track-links=\"\">Solomon Hsiang, professor de pol\u00edticas p\u00fablicas da Universidade da Calif\u00f3rnia, Berkley, que colaborou com os dois autores da pesquisa no passado, diz que pa\u00edses ricos tamb\u00e9m foram impactados negativamente pelo aquecimento global.<\/p>\n<\/div>\n<div class=\"mc-column content-text active-extra-styles \" data-block-type=\"unstyled\" data-block-weight=\"48\" data-block-id=\"39\">\n<p class=\"content-text__container \" data-track-category=\"Link no Texto\" data-track-links=\"\">&#8220;N\u00f3s detectamos malef\u00edcios de efeito retardado em pa\u00edses ricos, por meio do uso de m\u00e9todos de an\u00e1lise. Portanto, se voc\u00ea olhar para al\u00e9m dos primeiros anos de impacto, voc\u00ea vai perceber o surgimento de danos em pa\u00edses ricos e frios, assim como em pa\u00edses quentes e pobres&#8221;, disse.<\/p>\n<\/div>\n<div class=\"mc-column content-text active-extra-styles \" data-block-type=\"unstyled\" data-block-weight=\"29\" data-block-id=\"40\">\n<p class=\"content-text__container \" data-track-category=\"Link no Texto\" data-track-links=\"\">Tamb\u00e9m n\u00e3o est\u00e1 claro como o crescimento foi afetado pelas mudan\u00e7as clim\u00e1ticas em pa\u00edses de latitude m\u00e9dia, como Estados Unidos, China e Jap\u00e3o- as tr\u00eas maiores economias do mundo.<\/p>\n<\/div>\n<div class=\"mc-column content-text active-extra-styles \" data-block-type=\"unstyled\" data-block-weight=\"30\" data-block-id=\"41\">\n<p class=\"content-text__container \" data-track-category=\"Link no Texto\" data-track-links=\"\">&#8220;O que se sabe \u00e9 que, no longo prazo, as mudan\u00e7as clim\u00e1ticas n\u00e3o beneficiam ningu\u00e9m. \u00c9 essencial que os maiores emissores de gases poluentes reduzam urgentemente suas emiss\u00f5es&#8221;, diz Khambule.<\/p>\n<\/div>\n<div data-track-category=\"multicontent\" data-track-action=\"ultimo chunk conteudo\" data-track-noninteraction=\"false\" data-track-scroll=\"view\">\n<div class=\"mc-column content-text active-extra-styles \" data-block-type=\"unstyled\" data-block-weight=\"29\" data-block-id=\"42\">\n<p class=\"content-text__container \" data-track-category=\"Link no Texto\" data-track-links=\"\">&#8220;Os governantes precisam levar o aquecimento global mais a s\u00e9rio do que fazem hoje e garantir uma r\u00e1pida transi\u00e7\u00e3o do uso de combust\u00edveis f\u00f3sseis para fontes renov\u00e1veis de energia.&#8221;<\/p>\n<\/div>\n<\/div>\n<\/div>\n","protected":false},"excerpt":{"rendered":"<p>A temperatura est\u00e1 aumentando no mundo como um todo, mas as consequ\u00eancias disso n\u00e3o s\u00e3o<\/p>\n","protected":false},"author":2,"featured_media":105412,"comment_status":"open","ping_status":"open","sticky":false,"template":"","format":"standard","meta":[],"categories":[],"tags":[],"uagb_featured_image_src":{"full":["https:\/\/espacoecologico.com.br\/arquivo\/wp-content\/uploads\/2019\/05\/desigualdade.jpg",415,265,false],"thumbnail":["https:\/\/espacoecologico.com.br\/arquivo\/wp-content\/uploads\/2019\/05\/desigualdade-150x150.jpg",150,150,true],"medium":["https:\/\/espacoecologico.com.br\/arquivo\/wp-content\/uploads\/2019\/05\/desigualdade-300x192.jpg",300,192,true],"medium_large":["https:\/\/espacoecologico.com.br\/arquivo\/wp-content\/uploads\/2019\/05\/desigualdade.jpg",415,265,false],"large":["https:\/\/espacoecologico.com.br\/arquivo\/wp-content\/uploads\/2019\/05\/desigualdade.jpg",415,265,false],"1536x1536":["https:\/\/espacoecologico.com.br\/arquivo\/wp-content\/uploads\/2019\/05\/desigualdade.jpg",415,265,false],"2048x2048":["https:\/\/espacoecologico.com.br\/arquivo\/wp-content\/uploads\/2019\/05\/desigualdade.jpg",415,265,false],"cream-magazine-thumbnail-2":["https:\/\/espacoecologico.com.br\/arquivo\/wp-content\/uploads\/2019\/05\/desigualdade.jpg",415,265,false],"cream-magazine-thumbnail-3":["https:\/\/espacoecologico.com.br\/arquivo\/wp-content\/uploads\/2019\/05\/desigualdade.jpg",415,265,false],"cream-magazine-thumbnail-4":["https:\/\/espacoecologico.com.br\/arquivo\/wp-content\/uploads\/2019\/05\/desigualdade.jpg",415,265,false]},"uagb_author_info":{"display_name":"","author_link":"https:\/\/espacoecologico.com.br\/arquivo\/author\/"},"uagb_comment_info":0,"uagb_excerpt":"A temperatura est\u00e1 aumentando no mundo como um todo, mas as consequ\u00eancias disso n\u00e3o s\u00e3o","_links":{"self":[{"href":"https:\/\/espacoecologico.com.br\/arquivo\/wp-json\/wp\/v2\/posts\/105411"}],"collection":[{"href":"https:\/\/espacoecologico.com.br\/arquivo\/wp-json\/wp\/v2\/posts"}],"about":[{"href":"https:\/\/espacoecologico.com.br\/arquivo\/wp-json\/wp\/v2\/types\/post"}],"author":[{"embeddable":true,"href":"https:\/\/espacoecologico.com.br\/arquivo\/wp-json\/wp\/v2\/users\/2"}],"replies":[{"embeddable":true,"href":"https:\/\/espacoecologico.com.br\/arquivo\/wp-json\/wp\/v2\/comments?post=105411"}],"version-history":[{"count":0,"href":"https:\/\/espacoecologico.com.br\/arquivo\/wp-json\/wp\/v2\/posts\/105411\/revisions"}],"wp:featuredmedia":[{"embeddable":true,"href":"https:\/\/espacoecologico.com.br\/arquivo\/wp-json\/wp\/v2\/media\/105412"}],"wp:attachment":[{"href":"https:\/\/espacoecologico.com.br\/arquivo\/wp-json\/wp\/v2\/media?parent=105411"}],"wp:term":[{"taxonomy":"category","embeddable":true,"href":"https:\/\/espacoecologico.com.br\/arquivo\/wp-json\/wp\/v2\/categories?post=105411"},{"taxonomy":"post_tag","embeddable":true,"href":"https:\/\/espacoecologico.com.br\/arquivo\/wp-json\/wp\/v2\/tags?post=105411"}],"curies":[{"name":"wp","href":"https:\/\/api.w.org\/{rel}","templated":true}]}}